{"id":1001,"date":"2026-01-31T09:46:06","date_gmt":"2026-01-31T09:46:06","guid":{"rendered":"https:\/\/www.newsrecorder.ro\/app\/2026\/01\/31\/anm-temperaturile-vor-fluctua-drastic-in-urmatoarele-doua-saptamani-2\/"},"modified":"2026-01-31T09:46:06","modified_gmt":"2026-01-31T09:46:06","slug":"anm-temperaturile-vor-fluctua-drastic-in-urmatoarele-doua-saptamani-2","status":"publish","type":"post","link":"https:\/\/www.newsrecorder.ro\/app\/2026\/01\/31\/anm-temperaturile-vor-fluctua-drastic-in-urmatoarele-doua-saptamani-2\/","title":{"rendered":"ANM: Temperaturile vor fluctua drastic \u00een urm\u0103toarele dou\u0103 s\u0103pt\u0103m\u00e2ni!"},"content":{"rendered":"<p><strong>BANAT<\/strong><\/p>\n<p>Regimul termic din Banat se va caracteriza printr-o dinamic\u0103 accentuat\u0103, cu varia\u021bii semnificative \u00eentr-un timp scurt. \u00cen prima zi, vremea va fi mult mai cald\u0103 dec\u00e2t \u00een mod obi\u0219nuit, cu temperaturi maxime mediate de 10 grade \u0219i minime \u00eentre 4 \u0219i 6 grade. Ulterior, va urma o r\u0103cire, cu maxime ce vor oscila \u00eentre 6 \u0219i 8 grade \u0219i minime \u00eentre 0 \u0219i 2 grade. \u00cen zilele de 28 \u0219i 29 ianuarie, temperaturile vor cre\u0219te din nou, ajung\u00e2nd la maxime de 10-12 grade \u0219i minime de 2-4 grade. P\u00e2n\u0103 pe 2 februarie, valorile diurne vor \u00eencepe s\u0103 scad\u0103 treptat, ating\u00e2nd medii de 4-6 grade, \u00een timp ce minimele se vor men\u021bine constante. La finalul intervalului, se vor \u00eenregistra varia\u021bii u\u0219oare, cu maxime \u00eentre 8 \u0219i 12 grade \u0219i minime cuprinse \u00eentre -2 \u0219i 2 grade, la nivel regional. Probabilitatea de precipita\u021bii va fi ridicat\u0103 pe parcursul \u00eentregului interval, cu cantit\u0103\u021bi mai semnificative la \u00eenceput.<\/p>\n<p><strong>CRI\u0218ANA<\/strong><\/p>\n<p>\u00cen Cri\u0219ana, vremea va fi caracterizat\u0103 de un regim termic variabil. Prima zi va aduce temperaturi mult peste normal, cu maxime mediate de 10 grade \u0219i minime de 4 grade. Apoi, temperaturile vor sc\u0103dea, ajung\u00e2nd la 4 grade ziua \u0219i 2 grade noaptea, r\u0103m\u00e2n\u00e2nd totu\u0219i deasupra mediei. \u00cen zilele de 28 \u0219i 29 ianuarie, se va \u00eenregistra o nou\u0103 cre\u0219tere, cu maxime de 10-12 grade \u0219i minime \u00eentre 0 \u0219i 4 grade. P\u00e2n\u0103 pe 2 februarie, temperaturile vor sc\u0103dea din nou, ajung\u00e2nd la maxime de 6 grade \u0219i minime de 0 grade. A doua s\u0103pt\u0103m\u00e2n\u0103 va fi divizat\u0103 \u00een dou\u0103 perioade distincte: prima cu \u00eenc\u0103lzire, iar a doua cu r\u0103cire, ceea ce va determina medii ale maximelor \u00eentre 4 \u0219i 14 grade \u0219i ale minimelor \u00eentre -2 \u0219i 2 grade. Probabilitatea de precipita\u021bii va r\u0103m\u00e2ne ridicat\u0103 pe toat\u0103 durata intervalului, cu cantit\u0103\u021bi mai mari \u00een primele zile.<\/p>\n<p><strong>TRANSILVANIA<\/strong><\/p>\n<p>\u00cen Transilvania, valorile termice vor fluctua semnificativ \u00een prima s\u0103pt\u0103m\u00e2n\u0103 a prognozei, stabiliz\u00e2ndu-se ulterior. La \u00eenceput, maximele vor fi de aproximativ 8 grade, urmate de o sc\u0103dere la 4 grade. \u00centre 28 \u0219i 29 ianuarie, temperaturile vor cre\u0219te din nou spre 8 grade, iar p\u00e2n\u0103 la finalul intervalului estimat vor oscila \u00eentre 4 \u0219i 8 grade. Temperaturile nocturne vor fi mai constante, cu minime \u00eentre -4 \u0219i 2 grade. Precipita\u021biile vor fi prezente aproape \u00een fiecare zi, dar vor fi mai semnificative cantitativ la \u00eenceputul intervalului.<\/p>\n<p><strong>MARAMURE\u0218<\/strong><\/p>\n<p>Pentru Maramure\u0219, vremea se va men\u021bine cald\u0103 la \u00eenceput, cu maxime mediate la 8 grade \u0219i minime la 2 grade. \u00cens\u0103, \u00een urm\u0103toarele dou\u0103 zile, se va r\u0103ci, ating\u00e2nd maxime de 4 grade ziua \u0219i minime de -2 grade noaptea. \u00cen perioada 29 ianuarie &#8211; 8 februarie, se vor observa oscila\u021bii termice, cu maxime de 8-10 grade pe 29 ianuarie \u0219i 5 februarie \u0219i 4-6 grade pe 2 februarie. Minimele vor fi mai stabile, variind \u00eentre -2 \u0219i 2 grade. Probabilitatea de precipita\u021bii va fi ridicat\u0103 \u00een aproape toate zilele, dar cu cantit\u0103\u021bi mai semnificative la \u00eenceput.<\/p>\n<p><strong>MOLDOVA<\/strong><\/p>\n<p>\u00cen Moldova, advec\u021biile de aer cald \u0219i rece se vor alterna pe parcursul intervalului prognozat, provoc\u00e2nd fluctua\u021bii considerabile ale temperaturii. Astfel, maximele vor fi de 2-4 grade \u00een primele dou\u0103 zile, urc\u00e2nd la 8 grade \u00een urm\u0103toarele dou\u0103, iar p\u00e2n\u0103 pe 1 februarie se vor reduce din nou la 2 grade. Spre finalul intervalului, temperaturile vor avea o tendin\u021b\u0103 ascendent\u0103, ating\u00e2nd medii de 4-6 grade. Noaptea, regimul termic se va situa \u00eentre -6 \u0219i 2 grade, cu cele mai ridicate valori \u00een prima s\u0103pt\u0103m\u00e2n\u0103. Precipita\u021biile vor ap\u0103rea \u00een majoritatea zilelor, dar vor fi, \u00een general, slabe cantitativ.<\/p>\n<p><strong>DOBROGEA<\/strong><\/p>\n<p>P\u00e2n\u0103 pe 30 ianuarie, vremea \u00een Dobrogea se va men\u021bine mult mai cald\u0103 dec\u00e2t normal, cu maxime de 10-14 grade \u0219i minime de 2-6 grade. Dup\u0103 aceast\u0103 dat\u0103, se va r\u0103ci, cu maxime de 6-8 grade \u0219i minime \u00eentre -2 \u0219i 2 grade \u00een perioada 31 ianuarie &#8211; 3 februarie. Ulterior, se va \u00eenregistra o u\u0219oar\u0103 \u00eenc\u0103lzire, cu valori diurne mediate de 10-12 grade \u0219i nocturne de 2-4 grade. Probabilitatea de precipita\u021bii va fi ridicat\u0103 \u00eentre 30 ianuarie \u0219i 3 februarie, iar \u00een restul perioadei, acestea se vor semnala sporadic.<\/p>\n<p><strong>MUNTENIA<\/strong><\/p>\n<p>\u00cen prima s\u0103pt\u0103m\u00e2n\u0103, Muntenia va experimenta rapid alternan\u021be termice, influen\u021b\u00e2nd semnificativ valorile diurne. Dac\u0103 \u00een prima zi maxima va fi de 10 grade, \u00een ziua urm\u0103toare va sc\u0103dea la 6 grade, pentru ca apoi, pe 29 ianuarie, s\u0103 creasc\u0103 din nou la 12-14 grade. Apoi, se va \u00eenregistra o sc\u0103dere treptat\u0103, ajung\u00e2nd la 8 grade pe 2 februarie, urmat\u0103 de mici varia\u021bii, \u00een special de cre\u0219tere. Temperaturile minime vor fi ini\u021bial mai ridicate, cu medii de 0-4 grade, \u0219i vor varia relativ constant \u00eentre -2 \u0219i 0 grade. Probabilitatea de precipita\u021bii va fi ridicat\u0103 \u00een fiecare zi, dar cantit\u0103\u021bile vor fi mai mari \u00een primele zile \u0219i din nou la \u00eenceputul lunii februarie.<\/p>\n<p><strong>OLTENIA<\/strong><\/p>\n<p>\u00cen Oltenia, valorile termice diurne vor \u00eencepe cu medii de 6-8 grade \u00een primele dou\u0103 zile, apoi vor cre\u0219te la 8-12 grade, ceea ce va caracteriza o vreme deosebit de cald\u0103 pentru aceast\u0103 perioad\u0103. Aceste valori se vor men\u021bine p\u00e2n\u0103 pe 31 ianuarie, c\u00e2nd se va \u00eenregistra o sc\u0103dere treptat\u0103 spre 6 grade, iar la finalul intervalului, temperaturile vor cre\u0219te u\u0219or, ating\u00e2nd medii de aproximativ 10 grade. Regimul nocturn va fi ini\u021bial peste normal, cu medii de 2-4 grade, iar dup\u0103 o scurt\u0103 r\u0103cire, vor r\u0103m\u00e2ne \u00een jurul valorii de -2 p\u00e2n\u0103 la 2 grade. Probabilitatea de precipita\u021bii va fi ridicat\u0103 \u00een fiecare zi, cu maxime cantitative pe 26 \u0219i 27 ianuarie.<\/p>\n<p><strong>LA MUNTE<\/strong><\/p>\n<p>La munte, vremea va fi caracterizat\u0103 printr-o dinamic\u0103 termic\u0103 schimb\u0103toare, cu fluctua\u021bii rapide \u00een prima s\u0103pt\u0103m\u00e2n\u0103. Regimul diurn va oscila \u00eentre -2 \u0219i 6 grade, cele mai ridicate valori fiind \u00eenregistrate pe 26, 28, 29 ianuarie, precum \u0219i pe 4, 5 \u0219i 6 februarie. Temperaturile minime vor avea medii regionale \u00eentre -8 \u0219i 2 grade, cu cele mai sc\u0103zute valori pe 28 ianuarie \u0219i \u00een intervalul 1-4 februarie. Probabilitatea de precipita\u021bii va fi ridicat\u0103 pe tot parcursul intervalului, cu cantit\u0103\u021bi mai mari \u00een prima zi.<\/p>\n","protected":false},"excerpt":{"rendered":"<p>BANAT Regimul termic din Banat se va caracteriza printr-o dinamic\u0103 accentuat\u0103, cu varia\u021bii semnificative \u00eentr-un timp scurt. \u00cen prima zi, vremea va fi mult mai cald\u0103 dec\u00e2t \u00een mod obi\u0219nuit, cu temperaturi maxime mediate de 10 grade \u0219i minime \u00eentre 4 \u0219i 6 grade. Ulterior, va urma o r\u0103cire, cu maxime ce vor oscila \u00eentre [&hellip;]<\/p>\n","protected":false},"author":5,"featured_media":1002,"comment_status":"open","ping_status":"open","sticky":false,"template":"","format":"standard","meta":{"jnews-multi-image_gallery":[],"jnews_single_post":[],"jnews_primary_category":[],"jnews_override_counter":[],"footnotes":""},"categories":[45],"tags":[197,1813,198,199,135,1155,126,125],"class_list":["post-1001","post","type-post","status-publish","format-standard","has-post-thumbnail","hentry","category-meteo","tag-banat","tag-dinamica","tag-maxime","tag-minime","tag-precipitatii","tag-racire","tag-temperaturi","tag-vreme"],"_links":{"self":[{"href":"https:\/\/www.newsrecorder.ro\/app\/wp-json\/wp\/v2\/posts\/1001","targetHints":{"allow":["GET"]}}],"collection":[{"href":"https:\/\/www.newsrecorder.ro\/app\/wp-json\/wp\/v2\/posts"}],"about":[{"href":"https:\/\/www.newsrecorder.ro\/app\/wp-json\/wp\/v2\/types\/post"}],"author":[{"embeddable":true,"href":"https:\/\/www.newsrecorder.ro\/app\/wp-json\/wp\/v2\/users\/5"}],"replies":[{"embeddable":true,"href":"https:\/\/www.newsrecorder.ro\/app\/wp-json\/wp\/v2\/comments?post=1001"}],"version-history":[{"count":0,"href":"https:\/\/www.newsrecorder.ro\/app\/wp-json\/wp\/v2\/posts\/1001\/revisions"}],"wp:featuredmedia":[{"embeddable":true,"href":"https:\/\/www.newsrecorder.ro\/app\/wp-json\/wp\/v2\/media\/1002"}],"wp:attachment":[{"href":"https:\/\/www.newsrecorder.ro\/app\/wp-json\/wp\/v2\/media?parent=1001"}],"wp:term":[{"taxonomy":"category","embeddable":true,"href":"https:\/\/www.newsrecorder.ro\/app\/wp-json\/wp\/v2\/categories?post=1001"},{"taxonomy":"post_tag","embeddable":true,"href":"https:\/\/www.newsrecorder.ro\/app\/wp-json\/wp\/v2\/tags?post=1001"}],"curies":[{"name":"wp","href":"https:\/\/api.w.org\/{rel}","templated":true}]}}