{"id":1003,"date":"2026-01-31T09:46:24","date_gmt":"2026-01-31T09:46:24","guid":{"rendered":"https:\/\/www.newsrecorder.ro\/app\/2026\/01\/31\/avertizare-cod-portocaliu-ploi-torentiale-si-viscol-in-6-judete\/"},"modified":"2026-01-31T09:46:24","modified_gmt":"2026-01-31T09:46:24","slug":"avertizare-cod-portocaliu-ploi-torentiale-si-viscol-in-6-judete","status":"publish","type":"post","link":"https:\/\/www.newsrecorder.ro\/app\/2026\/01\/31\/avertizare-cod-portocaliu-ploi-torentiale-si-viscol-in-6-judete\/","title":{"rendered":"Avertizare cod portocaliu: Ploi toren\u021biale \u0219i viscol \u00een 6 jude\u021be!"},"content":{"rendered":"<p>Codul portocaliu de vreme sever\u0103 este \u00een vigoare de luni, ora 10:00, \u0219i se va \u00eencheia mar\u021bi, la ora 20:00.<\/p>\n<p>\u00cen regiunile deluroase \u0219i montane ale jude\u021belor Mehedin\u021bi, Gorj, V\u00e2lcea, Arge\u0219, D\u00e2mbovi\u021ba \u0219i Prahova, se a\u0219teapt\u0103 precipita\u021bii semnificative sub form\u0103 de ploaie \u0219i lapovi\u021b\u0103. Aceste fenomene vor contribui la topirea z\u0103pezii existente, cu acumul\u0103ri de ap\u0103 estimate \u00eentre 60 \u0219i 80 l\/mp.<\/p>\n<p id=\"caption-attachment-23676446\" class=\"wp-caption-text\">Foto: captur\u0103 ANM<\/p>\n<p>La altitudini mai mari de 1700 m, ninsoarea va fi predominant\u0103, iar stratul de z\u0103pad\u0103 se va \u00eengro\u0219a cu aproximativ 30 p\u00e2n\u0103 la 40 cm. V\u00e2ntul va suferi intensific\u0103ri \u00een cursul zilei de ast\u0103zi \u0219i pe parcursul nop\u021bii, cu rafale ce vor dep\u0103\u0219i 100 km\/h, viscolind ninsoarea \u0219i reduc\u00e2nd vizibilitatea sub 50 m.<\/p>\n<p>Pe l\u00e2ng\u0103 codul portocaliu, este activ\u0103 \u0219i o alert\u0103 de Cod galben, care semnaleaz\u0103 precipita\u021bii \u00eensemnate cantitativ. Acestea vor ap\u0103rea sub form\u0103 de ploaie \u00een sudul Banatului, \u00een jum\u0103tatea nordic\u0103 a Olteniei \u0219i a Munteniei, iar \u00een zona montan\u0103 a jude\u021belor Hunedoara, Alba, Sibiu, Bra\u0219ov, Covasna \u0219i Vrancea, vor fi precipita\u021bii mixte. Se estimeaz\u0103 acumul\u0103ri de 30 p\u00e2n\u0103 la 40 l\/mp, iar izolat, cantit\u0103\u021bile ar putea dep\u0103\u0219i 50 l\/mp.<\/p>\n<p>\u00cen restul \u021b\u0103rii, precipita\u021biile vor fi \u00een general slabe, predominant sub form\u0103 de ploaie, iar \u00een zonele montane, mixte. De asemenea, pe arii restr\u00e2nse, v\u00e2ntul va avea intensific\u0103ri, ating\u00e2nd viteze de 40 p\u00e2n\u0103 la 45 km\/h.<\/p>\n<h2>Vremea \u00een Bucure\u0219ti<\/h2>\n<p>Luni, temperaturile vor cre\u0219te semnificativ, dep\u0103\u0219ind valorile normale pentru aceast\u0103 perioad\u0103. Cerul va fi predominant noros, iar ploaia va fi moderat\u0103, cu acumul\u0103ri \u00eentre 10 \u0219i 20 l\/mp. V\u00e2ntul va sufla moderat, cu viteze de p\u00e2n\u0103 la 35-40 km\/h.<\/p>\n<p>Temperatura maxim\u0103 se va \u00eencadra \u00eentre 8 \u0219i 10 grade, \u00een timp ce minima va oscila \u00eentre 3 \u0219i 4 grade.<\/p>\n<p>Mar\u021bi, se preconizeaz\u0103 o sc\u0103dere a temperaturilor comparativ cu ziua anterioar\u0103, de\u0219i acestea vor r\u0103m\u00e2ne totu\u0219i peste media obi\u0219nuit\u0103. Cerul va fi \u00eennorat, iar precipita\u021biile vor fi slabe \u0219i temporare. V\u00e2ntul va fi slab p\u00e2n\u0103 la moderat, iar temperatura maxim\u0103 va atinge \u00een jur de 6 grade.<\/p>\n","protected":false},"excerpt":{"rendered":"<p>Codul portocaliu de vreme sever\u0103 este \u00een vigoare de luni, ora 10:00, \u0219i se va \u00eencheia mar\u021bi, la ora 20:00. \u00cen regiunile deluroase \u0219i montane ale jude\u021belor Mehedin\u021bi, Gorj, V\u00e2lcea, Arge\u0219, D\u00e2mbovi\u021ba \u0219i Prahova, se a\u0219teapt\u0103 precipita\u021bii semnificative sub form\u0103 de ploaie \u0219i lapovi\u021b\u0103. Aceste fenomene vor contribui la topirea z\u0103pezii existente, cu acumul\u0103ri de [&hellip;]<\/p>\n","protected":false},"author":5,"featured_media":1004,"comment_status":"open","ping_status":"open","sticky":false,"template":"","format":"standard","meta":{"jnews-multi-image_gallery":[],"jnews_single_post":[],"jnews_primary_category":[],"jnews_override_counter":[],"footnotes":""},"categories":[45],"tags":[1815,1140,743,1814,135,137,1141,729],"class_list":["post-1003","post","type-post","status-publish","format-standard","has-post-thumbnail","hentry","category-meteo","tag-alerte-meteo","tag-cod-portocaliu","tag-ninsoare","tag-ploaie","tag-precipitatii","tag-vant","tag-vreme-severa","tag-zapada"],"_links":{"self":[{"href":"https:\/\/www.newsrecorder.ro\/app\/wp-json\/wp\/v2\/posts\/1003","targetHints":{"allow":["GET"]}}],"collection":[{"href":"https:\/\/www.newsrecorder.ro\/app\/wp-json\/wp\/v2\/posts"}],"about":[{"href":"https:\/\/www.newsrecorder.ro\/app\/wp-json\/wp\/v2\/types\/post"}],"author":[{"embeddable":true,"href":"https:\/\/www.newsrecorder.ro\/app\/wp-json\/wp\/v2\/users\/5"}],"replies":[{"embeddable":true,"href":"https:\/\/www.newsrecorder.ro\/app\/wp-json\/wp\/v2\/comments?post=1003"}],"version-history":[{"count":0,"href":"https:\/\/www.newsrecorder.ro\/app\/wp-json\/wp\/v2\/posts\/1003\/revisions"}],"wp:featuredmedia":[{"embeddable":true,"href":"https:\/\/www.newsrecorder.ro\/app\/wp-json\/wp\/v2\/media\/1004"}],"wp:attachment":[{"href":"https:\/\/www.newsrecorder.ro\/app\/wp-json\/wp\/v2\/media?parent=1003"}],"wp:term":[{"taxonomy":"category","embeddable":true,"href":"https:\/\/www.newsrecorder.ro\/app\/wp-json\/wp\/v2\/categories?post=1003"},{"taxonomy":"post_tag","embeddable":true,"href":"https:\/\/www.newsrecorder.ro\/app\/wp-json\/wp\/v2\/tags?post=1003"}],"curies":[{"name":"wp","href":"https:\/\/api.w.org\/{rel}","templated":true}]}}