{"id":10030,"date":"2026-03-22T14:54:35","date_gmt":"2026-03-22T14:54:35","guid":{"rendered":"https:\/\/www.newsrecorder.ro\/app\/2026\/03\/22\/idf-loveste-puternic-eliminarea-liderului-hezbollah-si-teroristilor-sai\/"},"modified":"2026-03-22T14:54:35","modified_gmt":"2026-03-22T14:54:35","slug":"idf-loveste-puternic-eliminarea-liderului-hezbollah-si-teroristilor-sai","status":"publish","type":"post","link":"https:\/\/www.newsrecorder.ro\/app\/2026\/03\/22\/idf-loveste-puternic-eliminarea-liderului-hezbollah-si-teroristilor-sai\/","title":{"rendered":"IDF love\u0219te puternic: eliminarea liderului Hezbollah \u0219i terori\u0219tilor s\u0103i!"},"content":{"rendered":"<p>Recent, Barji a fost o figur\u0103 central\u0103 \u00een cadrul unit\u0103\u021bii cunoscut\u0103 sub numele de &#8216;For\u021ba Radwan&#8217;. \u00cen urma elimin\u0103rii sale, a preluat comanda for\u021belor speciale ale acestei unit\u0103\u021bi.<\/p>\n<p>Sub conducerea sa, unitatea a fost responsabil\u0103 pentru planificarea \u0219i desf\u0103\u0219urarea unor opera\u021biuni teroriste destinate for\u021belor IDF (Armata de Ap\u0103rare a Israelului).<\/p>\n<p>\u00cen cadrul acelea\u0219i ac\u021biuni, al\u0103turi de Barji, au fost elimina\u021bi \u0219i al\u021bi doi terori\u0219ti afilia\u021bi organiza\u021biei teroriste Hezbollah.<\/p>\n<p>\u00cen plus, IDF a lansat asear\u0103 atacuri \u00eempotriva infrastructurii Hezbollah \u00een diverse regiuni din sudul Libanului.<\/p>\n<p>For\u021bele IDF \u00ee\u0219i reafirm\u0103 angajamentul de a ac\u021biona cu determinare \u00eempotriva organiza\u021biei teroriste Hezbollah, care a ales s\u0103 se al\u0103ture conflictului \u0219i s\u0103 opereze sub protec\u021bia regimului terorist iranian. Armata israelian\u0103 se angajeaz\u0103 s\u0103 protejeze civilii din statul Israel \u0219i s\u0103 nu permit\u0103 nicio v\u0103t\u0103mare acestora.<\/p>\n","protected":false},"excerpt":{"rendered":"<p>Recent, Barji a fost o figur\u0103 central\u0103 \u00een cadrul unit\u0103\u021bii cunoscut\u0103 sub numele de &#8216;For\u021ba Radwan&#8217;. \u00cen urma elimin\u0103rii sale, a preluat comanda for\u021belor speciale ale acestei unit\u0103\u021bi. Sub conducerea sa, unitatea a fost responsabil\u0103 pentru planificarea \u0219i desf\u0103\u0219urarea unor opera\u021biuni teroriste destinate for\u021belor IDF (Armata de Ap\u0103rare a Israelului). \u00cen cadrul acelea\u0219i ac\u021biuni, al\u0103turi [&hellip;]<\/p>\n","protected":false},"author":2,"featured_media":10031,"comment_status":"open","ping_status":"open","sticky":false,"template":"","format":"standard","meta":{"jnews-multi-image_gallery":[],"jnews_single_post":[],"jnews_primary_category":[],"jnews_override_counter":[],"footnotes":""},"categories":[39],"tags":[12901,12906,12902,2185,8722,12903,12905,12904],"class_list":["post-10030","post","type-post","status-publish","format-standard","has-post-thumbnail","hentry","category-stirile-zilei","tag-barji","tag-civili-israelieni","tag-forta-radwan","tag-hezbollah","tag-idf","tag-operatiuni-teroriste","tag-regimul-terorist-iranian","tag-sudul-libanului"],"_links":{"self":[{"href":"https:\/\/www.newsrecorder.ro\/app\/wp-json\/wp\/v2\/posts\/10030","targetHints":{"allow":["GET"]}}],"collection":[{"href":"https:\/\/www.newsrecorder.ro\/app\/wp-json\/wp\/v2\/posts"}],"about":[{"href":"https:\/\/www.newsrecorder.ro\/app\/wp-json\/wp\/v2\/types\/post"}],"author":[{"embeddable":true,"href":"https:\/\/www.newsrecorder.ro\/app\/wp-json\/wp\/v2\/users\/2"}],"replies":[{"embeddable":true,"href":"https:\/\/www.newsrecorder.ro\/app\/wp-json\/wp\/v2\/comments?post=10030"}],"version-history":[{"count":0,"href":"https:\/\/www.newsrecorder.ro\/app\/wp-json\/wp\/v2\/posts\/10030\/revisions"}],"wp:featuredmedia":[{"embeddable":true,"href":"https:\/\/www.newsrecorder.ro\/app\/wp-json\/wp\/v2\/media\/10031"}],"wp:attachment":[{"href":"https:\/\/www.newsrecorder.ro\/app\/wp-json\/wp\/v2\/media?parent=10030"}],"wp:term":[{"taxonomy":"category","embeddable":true,"href":"https:\/\/www.newsrecorder.ro\/app\/wp-json\/wp\/v2\/categories?post=10030"},{"taxonomy":"post_tag","embeddable":true,"href":"https:\/\/www.newsrecorder.ro\/app\/wp-json\/wp\/v2\/tags?post=10030"}],"curies":[{"name":"wp","href":"https:\/\/api.w.org\/{rel}","templated":true}]}}