{"id":10034,"date":"2026-03-22T18:42:26","date_gmt":"2026-03-22T18:42:26","guid":{"rendered":"https:\/\/www.newsrecorder.ro\/app\/2026\/03\/22\/eminescu-vs-brancusi-universalitate-si-identitate-romaneasca-in-arta\/"},"modified":"2026-03-22T18:42:26","modified_gmt":"2026-03-22T18:42:26","slug":"eminescu-vs-brancusi-universalitate-si-identitate-romaneasca-in-arta","status":"publish","type":"post","link":"https:\/\/www.newsrecorder.ro\/app\/2026\/03\/22\/eminescu-vs-brancusi-universalitate-si-identitate-romaneasca-in-arta\/","title":{"rendered":"Eminescu vs. Br\u00e2ncu\u0219i: Universalitate \u0219i Identitate Rom\u00e2neasc\u0103 \u00een Art\u0103"},"content":{"rendered":"<p>Alin Com\u0219a subliniaz\u0103 importan\u021ba prezen\u021bei operelor lui Constantin Br\u00e2ncu\u0219i \u00een Fran\u021ba \u0219i America, consider\u00e2nd c\u0103 acest lucru le-a oferit o oportunitate suplimentar\u0103 de a fi apreciate la nivel interna\u021bional.<\/p>\n<p>\u201ePentru cei care cred c\u0103 Academia Rom\u00e2n\u0103 nu a acceptat darurile lui Br\u00e2ncu\u0219i, nu ar trebui s\u0103 ne sup\u0103r\u0103m. Faptul c\u0103 lucr\u0103rile sale \u0219i atelierul au r\u0103mas \u00een Fran\u021ba \u0219i New York reprezint\u0103 o \u0219ans\u0103, deoarece astfel operele lui devin cunoscute\u201d, a declarat Com\u0219a \u00een cadrul podcastului \u201eAltceva! Cu Adrian Artene\u201d.<\/p>\n<p>Expertul a men\u021bionat \u0219i o fotografie iconic\u0103 realizat\u0103 de Br\u00e2ncu\u0219i la intrarea \u00een Paris, de Ziua Fran\u021bei, \u00een 1904, eviden\u021biind viziunea artistului: \u201eDe ce? Pentru c\u0103 \u0219tia ce va ajunge. O parte dintre lucr\u0103rile sale timpurii au fost achizi\u021bionate de colec\u021bionari rom\u00e2ni. Primul S\u0103rut se afl\u0103 la Craiova. Astfel, Br\u00e2ncu\u0219i \u00ee\u0219i continu\u0103 parcursul artistic. La \u00eenceputul carierei sale \u00een Fran\u021ba, el a fost sus\u021binut de colec\u021bionarii rom\u00e2ni\u201d, a ad\u0103ugat Com\u0219a.<\/p>\n<p>Com\u0219a a realizat o paralel\u0103 \u00eentre \u201etitanii\u201d culturii rom\u00e2ne, Mihai Eminescu \u0219i Constantin Br\u00e2ncu\u0219i. \u201eRom\u00e2nii spun c\u0103, dac\u0103 Eminescu este universal r\u0103m\u00e2n\u00e2nd rom\u00e2n, Br\u00e2ncu\u0219i devine universal r\u0103m\u00e2n\u00e2nd rom\u00e2n. Br\u00e2ncu\u0219i este rom\u00e2n, dar este \u0219i al lumii. Este, poate, singurul rom\u00e2n care a reu\u0219it s\u0103 influen\u021beze arta la nivel global. Nu l-am pierdut, el r\u0103m\u00e2ne un simbol al culturii rom\u00e2ne\u0219ti, dar a devenit universal\u201d, a afirmat el.<\/p>\n<p>\u00cen continuare, Com\u0219a a observat c\u0103 at\u00e2t Br\u00e2ncu\u0219i, c\u00e2t \u0219i Eminescu au avut convingerea c\u0103 \u201elucrurile nu pot fi duse la cap\u0103t \u00eentr-un mod perfect\u201d.<\/p>\n<p>\u201eAceast\u0103 c\u0103utare&#8230; Se spune c\u0103 la un moment dat nu a mai lucrat la nimic, dar, de fapt, el lucra ne\u00eencetat la operele sale \u0219i la organizarea lucr\u0103rilor \u00een atelier. Nu ar fi putut fi mutat \u00een Rom\u00e2nia. Confuzia provine de la o \u00eent\u00e2lnire la care au participat George C\u0103linescu, Mihail Sadoveanu \u0219i Zambaccian, c\u00e2nd acesta avea deja \u00een colec\u021bia sa Cap de copil. Concluzia \u00eent\u00e2lnirii a fost c\u0103 arta sa este decadent\u0103. E ilogic; mai degrab\u0103 a fost o supravie\u021buire \u0219i o ne\u00een\u021belegere a artei lui Br\u00e2ncu\u0219i\u201d, a concluzionat Com\u0219a.<\/p>\n","protected":false},"excerpt":{"rendered":"<p>Alin Com\u0219a subliniaz\u0103 importan\u021ba prezen\u021bei operelor lui Constantin Br\u00e2ncu\u0219i \u00een Fran\u021ba \u0219i America, consider\u00e2nd c\u0103 acest lucru le-a oferit o oportunitate suplimentar\u0103 de a fi apreciate la nivel interna\u021bional. \u201ePentru cei care cred c\u0103 Academia Rom\u00e2n\u0103 nu a acceptat darurile lui Br\u00e2ncu\u0219i, nu ar trebui s\u0103 ne sup\u0103r\u0103m. Faptul c\u0103 lucr\u0103rile sale \u0219i atelierul au [&hellip;]<\/p>\n","protected":false},"author":7,"featured_media":10035,"comment_status":"open","ping_status":"open","sticky":false,"template":"","format":"standard","meta":{"jnews-multi-image_gallery":[],"jnews_single_post":[],"jnews_primary_category":[],"jnews_override_counter":[],"footnotes":""},"categories":[43],"tags":[7682,12909,12911,5278,12910,473,3072,1341],"class_list":["post-10034","post","type-post","status-publish","format-standard","has-post-thumbnail","hentry","category-cultura","tag-academie-romana","tag-america","tag-colectionari-romani","tag-constantin-brancusi","tag-fotografie-iconica","tag-franta","tag-opere-de-arta","tag-podcast"],"_links":{"self":[{"href":"https:\/\/www.newsrecorder.ro\/app\/wp-json\/wp\/v2\/posts\/10034","targetHints":{"allow":["GET"]}}],"collection":[{"href":"https:\/\/www.newsrecorder.ro\/app\/wp-json\/wp\/v2\/posts"}],"about":[{"href":"https:\/\/www.newsrecorder.ro\/app\/wp-json\/wp\/v2\/types\/post"}],"author":[{"embeddable":true,"href":"https:\/\/www.newsrecorder.ro\/app\/wp-json\/wp\/v2\/users\/7"}],"replies":[{"embeddable":true,"href":"https:\/\/www.newsrecorder.ro\/app\/wp-json\/wp\/v2\/comments?post=10034"}],"version-history":[{"count":0,"href":"https:\/\/www.newsrecorder.ro\/app\/wp-json\/wp\/v2\/posts\/10034\/revisions"}],"wp:featuredmedia":[{"embeddable":true,"href":"https:\/\/www.newsrecorder.ro\/app\/wp-json\/wp\/v2\/media\/10035"}],"wp:attachment":[{"href":"https:\/\/www.newsrecorder.ro\/app\/wp-json\/wp\/v2\/media?parent=10034"}],"wp:term":[{"taxonomy":"category","embeddable":true,"href":"https:\/\/www.newsrecorder.ro\/app\/wp-json\/wp\/v2\/categories?post=10034"},{"taxonomy":"post_tag","embeddable":true,"href":"https:\/\/www.newsrecorder.ro\/app\/wp-json\/wp\/v2\/tags?post=10034"}],"curies":[{"name":"wp","href":"https:\/\/api.w.org\/{rel}","templated":true}]}}