{"id":10042,"date":"2026-03-22T18:43:45","date_gmt":"2026-03-22T18:43:45","guid":{"rendered":"https:\/\/www.newsrecorder.ro\/app\/2026\/03\/22\/usr-propune-reducerea-diurnelor-magistratilor-la-nivelul-functionarilor\/"},"modified":"2026-03-22T18:43:45","modified_gmt":"2026-03-22T18:43:45","slug":"usr-propune-reducerea-diurnelor-magistratilor-la-nivelul-functionarilor","status":"publish","type":"post","link":"https:\/\/www.newsrecorder.ro\/app\/2026\/03\/22\/usr-propune-reducerea-diurnelor-magistratilor-la-nivelul-functionarilor\/","title":{"rendered":"USR propune reducerea diurnelor magistra\u021bilor la nivelul func\u021bionarilor!"},"content":{"rendered":"<p>\u00cen luna decembrie a anului 2025, un grup de deputa\u021bi format din Alin Stoica, Oana Murariu, Stelian Ion \u0219i Alexandru Dimitriu a ini\u021biat un proiect de lege care propune modificarea Ordonan\u021bei de Urgen\u021b\u0103 27\/2006. Aceast\u0103 modificare are ca obiectiv stabilirea diurnei ca o sum\u0103 fix\u0103, \u00een loc de un procent din salariul brut.<\/p>\n<p>\u00cen prezent, diurna este calculat\u0103 ca 2% din indemniza\u021bia brut\u0103, ceea ce poate conduce la un total de aproximativ 40% din salariul lunar. Alin Stoica, deputatul USR, a explicat: \u201eHai s\u0103 o punem \u00een context. 2% pe zi din salariul lunar, \u00eenseamn\u0103 de fapt 40% pe lun\u0103.\u201d<\/p>\n<p>Acest mecanism, potrivit lui Stoica, are rolul de a stimula deleg\u0103rile \u0219i deta\u0219\u0103rile \u00een sistemul judiciar. El a subliniat c\u0103 \u201eaceast\u0103 majorare substan\u021bial\u0103 constituie \u00abmorcovul\u00bb, motivarea pozitiv\u0103 pe care o folose\u0219te oligarhia din fruntea magistraturii de azi, pentru a convinge magistra\u021bii s\u0103 accepte deleg\u0103rile \u0219i deta\u0219\u0103rile. \u00cen acela\u0219i timp, constituie \u0219i \u00abb\u0103\u021bul\u00bb, pentru c\u0103 \u00eencetarea deleg\u0103rii sau deta\u0219\u0103rii vine \u0219i cu pierderea acestui stimulent financiar.\u201d<\/p>\n<p>Deputatul a ad\u0103ugat c\u0103 acest sistem influen\u021beaz\u0103 semnificativ modul \u00een care sunt ocupate func\u021biile de conducere \u00een justi\u021bie. \u201eS\u0103 punem la socoteal\u0103 \u0219i faptul c\u0103 mai mult de jum\u0103tate din magistra\u021bii din func\u021bii de conducere sunt numi\u021bi prin delegare\/deta\u0219are, nu prin concurs? S\u0103 mai men\u021bion\u0103m \u0219i faptul c\u0103 mul\u021bi dintre magistra\u021bii care lucreaz\u0103 \u00een CSM sunt deta\u0219a\u021bi din instan\u021be \u0219i beneficiaz\u0103 de acest \u00abspor\u00bb de prietenie?\u201d, a continuat el.<\/p>\n<p>Alin Stoica a atras aten\u021bia \u0219i asupra inegalit\u0103\u021bilor existente \u00eentre magistra\u021bi. \u201eS\u0103 mai men\u021bion\u0103m \u0219i efectul demotivant pe care aceast\u0103 diferen\u021b\u0103 \u00eel are asupra celorlal\u021bi magistra\u021bi care nu sunt \u00een cercul tovar\u0103\u0219ilor Liei? Magistra\u021bi care au acelea\u0219i atribu\u021bii, dar care sunt pl\u0103ti\u021bi cu 40% mai pu\u021bin. Iat\u0103 cum, un articol aparent lipsit de importan\u021b\u0103 st\u0103 la baza unui fenomen care denatureaz\u0103 actul de justi\u021bie \u00een Rom\u00e2nia &#8211; Delegatocra\u021bia\u201d, a conchis deputatul USR.<\/p>\n","protected":false},"excerpt":{"rendered":"<p>\u00cen luna decembrie a anului 2025, un grup de deputa\u021bi format din Alin Stoica, Oana Murariu, Stelian Ion \u0219i Alexandru Dimitriu a ini\u021biat un proiect de lege care propune modificarea Ordonan\u021bei de Urgen\u021b\u0103 27\/2006. Aceast\u0103 modificare are ca obiectiv stabilirea diurnei ca o sum\u0103 fix\u0103, \u00een loc de un procent din salariul brut. \u00cen prezent, [&hellip;]<\/p>\n","protected":false},"author":2,"featured_media":10043,"comment_status":"open","ping_status":"open","sticky":false,"template":"","format":"standard","meta":{"jnews-multi-image_gallery":[],"jnews_single_post":[],"jnews_primary_category":[],"jnews_override_counter":[],"footnotes":""},"categories":[42],"tags":[8682,12921,4615,12923,12922,540,8395,3176],"class_list":["post-10042","post","type-post","status-publish","format-standard","has-post-thumbnail","hentry","category-politica","tag-deputati","tag-diurna","tag-magistratura","tag-motivare-pozitiva","tag-ordonanta-de-urgenta-27-2006","tag-proiect-de-lege","tag-salariu-brut","tag-sistem-judiciar"],"_links":{"self":[{"href":"https:\/\/www.newsrecorder.ro\/app\/wp-json\/wp\/v2\/posts\/10042","targetHints":{"allow":["GET"]}}],"collection":[{"href":"https:\/\/www.newsrecorder.ro\/app\/wp-json\/wp\/v2\/posts"}],"about":[{"href":"https:\/\/www.newsrecorder.ro\/app\/wp-json\/wp\/v2\/types\/post"}],"author":[{"embeddable":true,"href":"https:\/\/www.newsrecorder.ro\/app\/wp-json\/wp\/v2\/users\/2"}],"replies":[{"embeddable":true,"href":"https:\/\/www.newsrecorder.ro\/app\/wp-json\/wp\/v2\/comments?post=10042"}],"version-history":[{"count":0,"href":"https:\/\/www.newsrecorder.ro\/app\/wp-json\/wp\/v2\/posts\/10042\/revisions"}],"wp:featuredmedia":[{"embeddable":true,"href":"https:\/\/www.newsrecorder.ro\/app\/wp-json\/wp\/v2\/media\/10043"}],"wp:attachment":[{"href":"https:\/\/www.newsrecorder.ro\/app\/wp-json\/wp\/v2\/media?parent=10042"}],"wp:term":[{"taxonomy":"category","embeddable":true,"href":"https:\/\/www.newsrecorder.ro\/app\/wp-json\/wp\/v2\/categories?post=10042"},{"taxonomy":"post_tag","embeddable":true,"href":"https:\/\/www.newsrecorder.ro\/app\/wp-json\/wp\/v2\/tags?post=10042"}],"curies":[{"name":"wp","href":"https:\/\/api.w.org\/{rel}","templated":true}]}}