{"id":1005,"date":"2026-01-31T09:46:49","date_gmt":"2026-01-31T09:46:49","guid":{"rendered":"https:\/\/www.newsrecorder.ro\/app\/2026\/01\/31\/vant-puternic-in-romania-avertizare-cod-galben-pentru-aceste-zone-2\/"},"modified":"2026-01-31T09:46:49","modified_gmt":"2026-01-31T09:46:49","slug":"vant-puternic-in-romania-avertizare-cod-galben-pentru-aceste-zone-2","status":"publish","type":"post","link":"https:\/\/www.newsrecorder.ro\/app\/2026\/01\/31\/vant-puternic-in-romania-avertizare-cod-galben-pentru-aceste-zone-2\/","title":{"rendered":"V\u00e2nt puternic \u00een Rom\u00e2nia: Avertizare Cod Galben pentru aceste zone!"},"content":{"rendered":"<p>Administra\u021bia Na\u021bional\u0103 de Meteorologie (ANM) a emis o avertizare de tip Cod Galben referitoare la v\u00e2nt, care va fi \u00een vigoare \u00een perioada 25 ianuarie, ora 14:00 \u2013 26 ianuarie, ora 8:00.<\/p>\n<p>Pe parcursul acestui interval, se preconizeaz\u0103 condi\u021bii meteorologice variate, incluz\u00e2nd v\u00e2nt puternic, precipita\u021bii semnificative \u0219i ninsori viscolite \u00een zonele montane. De asemenea, temperaturile vor fi mai ridicate dec\u00e2t cele obi\u0219nuite pentru aceast\u0103 perioad\u0103 \u00een multe regiuni ale \u021b\u0103rii.<\/p>\n<h2>Intensific\u0103ri ale v\u00e2ntului \u00een Carpa\u021bii Meridionali<\/h2>\n<p>\u00cencep\u00e2nd cu dup\u0103-amiaza zilei de 25 ianuarie \u0219i continu\u00e2nd p\u00e2n\u0103 \u00een diminea\u021ba zilei de 26 ianuarie, zonele Banat, sudul Cri\u0219anei \u0219i Carpa\u021bii Meridionali se vor confrunta cu intensific\u0103ri ale v\u00e2ntului, cu viteze cuprinse \u00eentre 50 \u0219i 70 km\/h. La altitudini de peste 1700 de metri, rafalele vor dep\u0103\u0219i frecvent 90\u2013100 km\/h, ceea ce va crea condi\u021bii dificile, \u00een special \u00een regiunile montane.<\/p>\n<p>Din diminea\u021ba zilei de 26 ianuarie \u0219i p\u00e2n\u0103 pe 27 ianuarie, aria fenomenelor severe se va extinde, aduc\u00e2nd precipita\u021bii abundente sub form\u0103 de ploaie \u00een sudul Banatului, nordul Olteniei \u0219i al Munteniei, precum \u0219i precipita\u021bii mixte \u00een Carpa\u021bii Meridionali, Occidentali \u0219i de Curbur\u0103.<\/p>\n<h2>Ninsori abundente la munte<\/h2>\n<p>Cantit\u0103\u021bile de ap\u0103 acumulate \u00een aceast\u0103 perioad\u0103 vor varia \u00eentre 20 \u0219i 35 l\/mp, iar local se pot \u00eenregistra chiar peste 40 l\/mp. Aceste precipita\u021bii vor favoriza topirea stratului de z\u0103pad\u0103 existent, cresc\u00e2nd riscul de scurgeri de ap\u0103 \u0219i acumul\u0103ri locale.<\/p>\n<p>\u00cen zonele montane, la altitudini mai mari de 1700 de metri, precipita\u021biile vor fi predominant sub form\u0103 de ninsoare, iar stratul de z\u0103pad\u0103 nou acumulat va atinge grosimi de 20\u201330 de centimetri. V\u00e2ntul va continua s\u0103 bat\u0103 cu intensitate, cu rafale de 70\u201390 km\/h, viscolind ninsoarea \u0219i reduc\u00e2nd vizibilitatea sub 100 de metri, \u00een special pe creste \u0219i \u00een zonele expuse.<\/p>\n<h2>Vreme bl\u00e2nd\u0103 \u00een Bucure\u0219ti<\/h2>\n<p>\u00cen \u00eentreaga \u021bar\u0103, pe parcursul acestui interval, vor exista perioade cu precipita\u021bii, iar v\u00e2ntul va suferi intensific\u0103ri temporare cu viteze de 40\u201345 km\/h, f\u0103r\u0103 a dep\u0103\u0219i \u00eens\u0103 pragurile de avertizare \u00een toate zonele.<\/p>\n<p>\u00cen municipiul Bucure\u0219ti, vremea va fi mai bl\u00e2nd\u0103, f\u0103r\u0103 fenomene meteorologice periculoase. \u00centre 25 ianuarie, ora 10:00, \u0219i 26 ianuarie, ora 08:00, temperaturile vor fi peste media climatologic\u0103, cerul va fi temporar noros pe parcursul zilei, iar noaptea se va \u00eennegri, cu ploi slabe a\u0219teptate spre finalul intervalului.<\/p>\n<p>V\u00e2ntul va sufla slab p\u00e2n\u0103 la moderat, iar temperatura maxim\u0103 va atinge aproximativ 6 grade Celsius, \u00een timp ce minima va varia \u00eentre 0 \u0219i 2 grade, exist\u00e2nd \u0219i condi\u021bii de cea\u021b\u0103 \u00een prima parte a nop\u021bii.<\/p>\n<p>\u00cen perioada 26 ianuarie, ora 08:00 \u2013 27 ianuarie, ora 10:00, se preconizeaz\u0103 o cre\u0219tere semnificativ\u0103 a valorilor termice, cu temperaturi ce vor dep\u0103\u0219i normalul pentru finalul lunii ianuarie. Cerul va fi mai mult noros, iar precipita\u021biile moderate vor aduce acumul\u0103ri de 10\u201320 l\/mp. V\u00e2ntul va avea intensific\u0103ri moderate, ating\u00e2nd viteze de 35\u201340 km\/h. Temperatura maxim\u0103 va urca p\u00e2n\u0103 la 11\u201312 grade Celsius, iar minima se va situa \u00een jurul valorii de 3\u20134 grade.<\/p>\n","protected":false},"excerpt":{"rendered":"<p>Administra\u021bia Na\u021bional\u0103 de Meteorologie (ANM) a emis o avertizare de tip Cod Galben referitoare la v\u00e2nt, care va fi \u00een vigoare \u00een perioada 25 ianuarie, ora 14:00 \u2013 26 ianuarie, ora 8:00. Pe parcursul acestui interval, se preconizeaz\u0103 condi\u021bii meteorologice variate, incluz\u00e2nd v\u00e2nt puternic, precipita\u021bii semnificative \u0219i ninsori viscolite \u00een zonele montane. De asemenea, temperaturile [&hellip;]<\/p>\n","protected":false},"author":5,"featured_media":1006,"comment_status":"open","ping_status":"open","sticky":false,"template":"","format":"standard","meta":{"jnews-multi-image_gallery":[],"jnews_single_post":[],"jnews_primary_category":[],"jnews_override_counter":[],"footnotes":""},"categories":[45],"tags":[732,996,196,974,127,135,737,994],"class_list":["post-1005","post","type-post","status-publish","format-standard","has-post-thumbnail","hentry","category-meteo","tag-avertizare","tag-carpatii-meridionali","tag-cod-galben","tag-conditii-meteorologice","tag-ninsori","tag-precipitatii","tag-temperaturi-ridicate","tag-vant-puternic"],"_links":{"self":[{"href":"https:\/\/www.newsrecorder.ro\/app\/wp-json\/wp\/v2\/posts\/1005","targetHints":{"allow":["GET"]}}],"collection":[{"href":"https:\/\/www.newsrecorder.ro\/app\/wp-json\/wp\/v2\/posts"}],"about":[{"href":"https:\/\/www.newsrecorder.ro\/app\/wp-json\/wp\/v2\/types\/post"}],"author":[{"embeddable":true,"href":"https:\/\/www.newsrecorder.ro\/app\/wp-json\/wp\/v2\/users\/5"}],"replies":[{"embeddable":true,"href":"https:\/\/www.newsrecorder.ro\/app\/wp-json\/wp\/v2\/comments?post=1005"}],"version-history":[{"count":0,"href":"https:\/\/www.newsrecorder.ro\/app\/wp-json\/wp\/v2\/posts\/1005\/revisions"}],"wp:featuredmedia":[{"embeddable":true,"href":"https:\/\/www.newsrecorder.ro\/app\/wp-json\/wp\/v2\/media\/1006"}],"wp:attachment":[{"href":"https:\/\/www.newsrecorder.ro\/app\/wp-json\/wp\/v2\/media?parent=1005"}],"wp:term":[{"taxonomy":"category","embeddable":true,"href":"https:\/\/www.newsrecorder.ro\/app\/wp-json\/wp\/v2\/categories?post=1005"},{"taxonomy":"post_tag","embeddable":true,"href":"https:\/\/www.newsrecorder.ro\/app\/wp-json\/wp\/v2\/tags?post=1005"}],"curies":[{"name":"wp","href":"https:\/\/api.w.org\/{rel}","templated":true}]}}