{"id":10070,"date":"2026-03-22T19:22:42","date_gmt":"2026-03-22T19:22:42","guid":{"rendered":"https:\/\/www.newsrecorder.ro\/app\/2026\/03\/22\/vremea-surprinzatoare-din-penultima-saptamana-de-martie-4\/"},"modified":"2026-03-22T19:22:42","modified_gmt":"2026-03-22T19:22:42","slug":"vremea-surprinzatoare-din-penultima-saptamana-de-martie-4","status":"publish","type":"post","link":"https:\/\/www.newsrecorder.ro\/app\/2026\/03\/22\/vremea-surprinzatoare-din-penultima-saptamana-de-martie-4\/","title":{"rendered":"Vremea surprinz\u0103toare din penultima s\u0103pt\u0103m\u00e2n\u0103 de martie!"},"content":{"rendered":"<p>\u00cen urm\u0103toarele zile, vremea va r\u0103m\u00e2ne predominant frumoas\u0103 \u0219i mai cald\u0103 dec\u00e2t de obicei, cu temperaturi ce se vor situa \u00een jurul valorilor normale, sau chiar u\u0219or peste acestea, conform prognozei emise de ANM pentru perioada 15-19 martie.<\/p>\n<p>\u00cen regiunile vestice \u0219i nord-vestice ale \u021b\u0103rii, se estimeaz\u0103 c\u0103 maximele vor atinge p\u00e2n\u0103 la 17 grade Celsius.<\/p>\n<p>Pe data de 15 martie, \u0219i pe parcursul nop\u021bii de dup\u0103, vremea va fi mai cald\u0103 dec\u00e2t \u00een mod obi\u0219nuit \u00een zonele intracarpatice, unde cerul va fi \u00een mare parte senin.<\/p>\n<p>\u00cen restul \u021b\u0103rii, cerul va prezenta variabilitate, iar dimine\u021bile \u0219i nop\u021bile vor aduce, \u00een unele locuri, nori jo\u0219i sau cea\u021b\u0103. Temperaturile maxime vor varia \u00eentre 9 \u0219i 17 grade, iar cele minime se vor \u00eencadra \u00eentre -8 \u0219i 5 grade.<\/p>\n<p>\u00cen intervalul 16-17 martie, meteorologii anticipeaz\u0103 condi\u021bii similare de vreme, cu cer variabil \u0219i, pe arii restr\u00e2nse, cea\u021b\u0103 sau nebulozitate joas\u0103, mai ales \u00een sud-est. La altitudini mari, \u00een Carpa\u021bii Meridionali, exist\u0103 posibilitatea unor precipita\u021bii slabe mixte. Maximele vor putea ajunge la 17 grade \u00een Dealurile de Vest, \u00een timp ce minimele ar putea sc\u0103dea p\u00e2n\u0103 la -7 grade \u00een depresiunile estice ale Transilvaniei.<\/p>\n<p>Pe 17-18 martie, se preconizeaz\u0103 c\u0103 valorile termice diurne vor r\u0103m\u00e2ne peste media sezonier\u0103 \u00een regiunile vestice, nord-vestice \u0219i centrale, \u00een timp ce \u00een restul \u021b\u0103rii se vor apropia de normalul climatic. Cerul va fi temporar noros, iar \u00een regiunile vestice \u0219i sud-vestice pot ap\u0103rea ploi slabe \u00een seara \u0219i noaptea respectiv\u0103.<\/p>\n<p>\u00centre 18 \u0219i 19 martie, se va men\u021bine un regim termic similar, cu temperaturi maxime cuprinse \u00eentre 9 \u0219i 17 grade \u0219i minime \u00eentre -7 \u0219i 6 grade. \u00cen Moldova, exist\u0103 posibilitatea unor precipita\u021bii slabe, mixte la c\u00e2mpie \u0219i sub form\u0103 de ninsoare \u00een zonele montane.<\/p>\n<p>\u00cen capital\u0103, Bucure\u0219ti, vremea va fi stabil\u0103 \u00een urm\u0103toarele zile. Temperaturile maxime se vor \u00eencadra \u00eentre 11 \u0219i 14 grade, iar minimele vor sc\u0103dea p\u00e2n\u0103 la valori \u00eentre -1 \u0219i 3 grade. Cerul va fi variabil, cu nebulozitate joas\u0103 \u0219i posibilitate de cea\u021b\u0103, \u00een special diminea\u021ba \u0219i \u00een a doua parte a nop\u021bilor.<\/p>\n<p>\u00cen perioada 19-22 martie, meteorologii estimeaz\u0103 c\u0103 temperaturile se vor men\u021bine apropiate de normalul pentru acest interval, iar \u0219ansele de precipita\u021bii vor fi mai ridicate la \u00eenceputul perioadei, \u00een estul \u0219i sud-estul \u021b\u0103rii.<\/p>\n","protected":false},"excerpt":{"rendered":"<p>\u00cen urm\u0103toarele zile, vremea va r\u0103m\u00e2ne predominant frumoas\u0103 \u0219i mai cald\u0103 dec\u00e2t de obicei, cu temperaturi ce se vor situa \u00een jurul valorilor normale, sau chiar u\u0219or peste acestea, conform prognozei emise de ANM pentru perioada 15-19 martie. \u00cen regiunile vestice \u0219i nord-vestice ale \u021b\u0103rii, se estimeaz\u0103 c\u0103 maximele vor atinge p\u00e2n\u0103 la 17 grade [&hellip;]<\/p>\n","protected":false},"author":5,"featured_media":10071,"comment_status":"open","ping_status":"open","sticky":false,"template":"","format":"standard","meta":{"jnews-multi-image_gallery":[],"jnews_single_post":[],"jnews_primary_category":[],"jnews_override_counter":[],"footnotes":""},"categories":[45],"tags":[150,1145,131,130,5163,132,126,125],"class_list":["post-10070","post","type-post","status-publish","format-standard","has-post-thumbnail","hentry","category-meteo","tag-anm","tag-carpati","tag-ceata","tag-cer-variabil","tag-martie","tag-prognoza","tag-temperaturi","tag-vreme"],"_links":{"self":[{"href":"https:\/\/www.newsrecorder.ro\/app\/wp-json\/wp\/v2\/posts\/10070","targetHints":{"allow":["GET"]}}],"collection":[{"href":"https:\/\/www.newsrecorder.ro\/app\/wp-json\/wp\/v2\/posts"}],"about":[{"href":"https:\/\/www.newsrecorder.ro\/app\/wp-json\/wp\/v2\/types\/post"}],"author":[{"embeddable":true,"href":"https:\/\/www.newsrecorder.ro\/app\/wp-json\/wp\/v2\/users\/5"}],"replies":[{"embeddable":true,"href":"https:\/\/www.newsrecorder.ro\/app\/wp-json\/wp\/v2\/comments?post=10070"}],"version-history":[{"count":0,"href":"https:\/\/www.newsrecorder.ro\/app\/wp-json\/wp\/v2\/posts\/10070\/revisions"}],"wp:featuredmedia":[{"embeddable":true,"href":"https:\/\/www.newsrecorder.ro\/app\/wp-json\/wp\/v2\/media\/10071"}],"wp:attachment":[{"href":"https:\/\/www.newsrecorder.ro\/app\/wp-json\/wp\/v2\/media?parent=10070"}],"wp:term":[{"taxonomy":"category","embeddable":true,"href":"https:\/\/www.newsrecorder.ro\/app\/wp-json\/wp\/v2\/categories?post=10070"},{"taxonomy":"post_tag","embeddable":true,"href":"https:\/\/www.newsrecorder.ro\/app\/wp-json\/wp\/v2\/tags?post=10070"}],"curies":[{"name":"wp","href":"https:\/\/api.w.org\/{rel}","templated":true}]}}