{"id":10072,"date":"2026-03-22T19:22:55","date_gmt":"2026-03-22T19:22:55","guid":{"rendered":"https:\/\/www.newsrecorder.ro\/app\/2026\/03\/22\/vremea-in-bucuresti-in-weekend-ce-prognozeaza-anm-pentru-capitala\/"},"modified":"2026-03-22T19:22:55","modified_gmt":"2026-03-22T19:22:55","slug":"vremea-in-bucuresti-in-weekend-ce-prognozeaza-anm-pentru-capitala","status":"publish","type":"post","link":"https:\/\/www.newsrecorder.ro\/app\/2026\/03\/22\/vremea-in-bucuresti-in-weekend-ce-prognozeaza-anm-pentru-capitala\/","title":{"rendered":"Vremea \u00een Bucure\u0219ti \u00een weekend: Ce prognozeaz\u0103 ANM pentru Capital\u0103?"},"content":{"rendered":"<p class=\"font-claude-response-body break-words whitespace-normal leading-[1.7]\">Vineri, 13 martie, Bucure\u0219tiul va fi \u00eembr\u0103cat \u00een soare, cu un cer majoritar senin. Temperatura maxim\u0103 se va \u00eenregistra \u00een jurul valorii de 16 grade, ceea ce este considerat un climat pl\u0103cut, dep\u0103\u0219ind normele pentru aceast\u0103 perioad\u0103 a anului.<\/p>\n<p class=\"font-claude-response-body break-words whitespace-normal leading-[1.7]\">Pe m\u0103sur\u0103 ce ziua se apropie de sf\u00e2r\u0219it, exist\u0103 posibilitatea form\u0103rii de nebulozitate joas\u0103 sau chiar a ce\u021bii. V\u00e2ntul va fi predominant slab p\u00e2n\u0103 la moderat, iar temperatura minim\u0103 pe timpul nop\u021bii va oscila \u00eentre -1 \u0219i 2 grade.<\/p>\n<p class=\"font-claude-response-body break-words whitespace-normal leading-[1.7]\">S\u00e2mb\u0103t\u0103, 14 martie, se preconizeaz\u0103 o u\u0219oar\u0103 r\u0103cire a vremii. Maxima zilei va sc\u0103dea la aproximativ 13 grade, iar minimele nocturne vor varia \u00eentre 0 \u0219i 2 grade. Cerul va prezenta variabilitate, iar \u00een a doua parte a nop\u021bii se va forma nebulozitate joas\u0103. V\u00e2ntul va r\u0103m\u00e2ne, de asemenea, slab \u0219i moderat.<\/p>\n<p class=\"font-claude-response-body break-words whitespace-normal leading-[1.7]\">Duminic\u0103, 15 martie, temperaturile vor continua s\u0103 scad\u0103, apropiindu-se de valorile normale specifice mijlocului lunii martie. Maxima se va situa \u00een jurul a 11 grade. Cerul va fi temporar noros, iar v\u00e2ntul va sufla slab \u0219i moderat.<\/p>\n<p class=\"font-claude-response-body break-words whitespace-normal leading-[1.7]\">Pentru \u00eentregul interval, nu exist\u0103 niciun mesaj de aten\u021bionare sau avertizare meteorologic\u0103 pentru municipiul Bucure\u0219ti, ceea ce \u00eenseamn\u0103 c\u0103 locuitorii se pot bucura de vremea relativ bun\u0103 \u00een urm\u0103toarele zile.<\/p>\n","protected":false},"excerpt":{"rendered":"<p>Vineri, 13 martie, Bucure\u0219tiul va fi \u00eembr\u0103cat \u00een soare, cu un cer majoritar senin. Temperatura maxim\u0103 se va \u00eenregistra \u00een jurul valorii de 16 grade, ceea ce este considerat un climat pl\u0103cut, dep\u0103\u0219ind normele pentru aceast\u0103 perioad\u0103 a anului. Pe m\u0103sur\u0103 ce ziua se apropie de sf\u00e2r\u0219it, exist\u0103 posibilitatea form\u0103rii de nebulozitate joas\u0103 sau chiar [&hellip;]<\/p>\n","protected":false},"author":5,"featured_media":10073,"comment_status":"open","ping_status":"open","sticky":false,"template":"","format":"standard","meta":{"jnews-multi-image_gallery":[],"jnews_single_post":[],"jnews_primary_category":[],"jnews_override_counter":[],"footnotes":""},"categories":[45],"tags":[362,738,5163,11338,5998,126,137,125],"class_list":["post-10072","post","type-post","status-publish","format-standard","has-post-thumbnail","hentry","category-meteo","tag-bucuresti","tag-climat","tag-martie","tag-nebulozitate","tag-soare","tag-temperaturi","tag-vant","tag-vreme"],"_links":{"self":[{"href":"https:\/\/www.newsrecorder.ro\/app\/wp-json\/wp\/v2\/posts\/10072","targetHints":{"allow":["GET"]}}],"collection":[{"href":"https:\/\/www.newsrecorder.ro\/app\/wp-json\/wp\/v2\/posts"}],"about":[{"href":"https:\/\/www.newsrecorder.ro\/app\/wp-json\/wp\/v2\/types\/post"}],"author":[{"embeddable":true,"href":"https:\/\/www.newsrecorder.ro\/app\/wp-json\/wp\/v2\/users\/5"}],"replies":[{"embeddable":true,"href":"https:\/\/www.newsrecorder.ro\/app\/wp-json\/wp\/v2\/comments?post=10072"}],"version-history":[{"count":0,"href":"https:\/\/www.newsrecorder.ro\/app\/wp-json\/wp\/v2\/posts\/10072\/revisions"}],"wp:featuredmedia":[{"embeddable":true,"href":"https:\/\/www.newsrecorder.ro\/app\/wp-json\/wp\/v2\/media\/10073"}],"wp:attachment":[{"href":"https:\/\/www.newsrecorder.ro\/app\/wp-json\/wp\/v2\/media?parent=10072"}],"wp:term":[{"taxonomy":"category","embeddable":true,"href":"https:\/\/www.newsrecorder.ro\/app\/wp-json\/wp\/v2\/categories?post=10072"},{"taxonomy":"post_tag","embeddable":true,"href":"https:\/\/www.newsrecorder.ro\/app\/wp-json\/wp\/v2\/tags?post=10072"}],"curies":[{"name":"wp","href":"https:\/\/api.w.org\/{rel}","templated":true}]}}