{"id":10082,"date":"2026-03-22T19:42:25","date_gmt":"2026-03-22T19:42:25","guid":{"rendered":"https:\/\/www.newsrecorder.ro\/app\/2026\/03\/22\/atentie-vant-puternic-in-sud-vest-si-zone-montane-in-urmatoarele-zile-2\/"},"modified":"2026-03-22T19:42:25","modified_gmt":"2026-03-22T19:42:25","slug":"atentie-vant-puternic-in-sud-vest-si-zone-montane-in-urmatoarele-zile-2","status":"publish","type":"post","link":"https:\/\/www.newsrecorder.ro\/app\/2026\/03\/22\/atentie-vant-puternic-in-sud-vest-si-zone-montane-in-urmatoarele-zile-2\/","title":{"rendered":"Aten\u021bie! V\u00e2nt puternic \u00een sud-vest \u0219i zone montane \u00een urm\u0103toarele zile!"},"content":{"rendered":"<p>Administra\u021bia Na\u021bional\u0103 de Meteorologie (ANM) a emis duminic\u0103 o informare meteorologic\u0103 care va fi \u00een vigoare \u00eentre <strong>8 martie<\/strong>, ora 20:00, \u0219i <strong>10 martie<\/strong>, ora 22:00, cu privire la intensific\u0103rile v\u00e2ntului ce vor afecta diverse regiuni ale \u021b\u0103rii.<\/p>\n<p>Conform estim\u0103rilor meteorologilor, v\u00e2ntul va prezenta intensific\u0103ri temporare, \u00een special \u00een sud-vestul Rom\u00e2niei \u0219i \u00een zona Carpa\u021bilor Meridionali. De asemenea, \u00een ziua de mar\u021bi, 10 martie, aceste intensific\u0103ri vor fi resim\u021bite \u0219i \u00een Moldova. Vitezele v\u00e2ntului vor varia \u00een general \u00eentre 40 \u0219i 50 km\/h, iar \u00een zonele montane \u00eenalte, rafalele pot atinge valori impresionante de 60 p\u00e2n\u0103 la 80 km\/h.<\/p>\n<p>\u00cen plus, ANM a emis o aten\u021bionare de tip cod galben pentru jude\u021bul Cara\u0219-Severin, valabil\u0103 tot \u00eentre 8 martie, ora 22:00, \u0219i 10 martie, ora 22:00. \u00cen acest interval, se preconizeaz\u0103 c\u0103 v\u00e2ntul va avea intensific\u0103ri locale cu viteze cuprinse \u00eentre 50 \u0219i 65 km\/h, iar \u00een unele zone izolate, rafalele vor putea ajunge p\u00e2n\u0103 la 70 km\/h.<\/p>\n<p>Meteorologii le recomand\u0103 cet\u0103\u021benilor s\u0103 fie precau\u021bi, \u00een special \u00een regiunile montane \u0219i \u00een jude\u021bele afectate de aten\u021bionare, s\u0103 evite deplas\u0103rile \u00een condi\u021bii de v\u00e2nt puternic \u0219i s\u0103 asigure corespunz\u0103tor bunurile \u0219i vehiculele l\u0103sate \u00een aer liber.<\/p>\n","protected":false},"excerpt":{"rendered":"<p>Administra\u021bia Na\u021bional\u0103 de Meteorologie (ANM) a emis duminic\u0103 o informare meteorologic\u0103 care va fi \u00een vigoare \u00eentre 8 martie, ora 20:00, \u0219i 10 martie, ora 22:00, cu privire la intensific\u0103rile v\u00e2ntului ce vor afecta diverse regiuni ale \u021b\u0103rii. Conform estim\u0103rilor meteorologilor, v\u00e2ntul va prezenta intensific\u0103ri temporare, \u00een special \u00een sud-vestul Rom\u00e2niei \u0219i \u00een zona Carpa\u021bilor [&hellip;]<\/p>\n","protected":false},"author":5,"featured_media":10083,"comment_status":"open","ping_status":"open","sticky":false,"template":"","format":"standard","meta":{"jnews-multi-image_gallery":[],"jnews_single_post":[],"jnews_primary_category":[],"jnews_override_counter":[],"footnotes":""},"categories":[45],"tags":[10634,10107,1145,196,1422,133,149,137],"class_list":["post-10082","post","type-post","status-publish","format-standard","has-post-thumbnail","hentry","category-meteo","tag-atentionare","tag-caras-severin","tag-carpati","tag-cod-galben","tag-intensificari","tag-meteorologie","tag-romania","tag-vant"],"_links":{"self":[{"href":"https:\/\/www.newsrecorder.ro\/app\/wp-json\/wp\/v2\/posts\/10082","targetHints":{"allow":["GET"]}}],"collection":[{"href":"https:\/\/www.newsrecorder.ro\/app\/wp-json\/wp\/v2\/posts"}],"about":[{"href":"https:\/\/www.newsrecorder.ro\/app\/wp-json\/wp\/v2\/types\/post"}],"author":[{"embeddable":true,"href":"https:\/\/www.newsrecorder.ro\/app\/wp-json\/wp\/v2\/users\/5"}],"replies":[{"embeddable":true,"href":"https:\/\/www.newsrecorder.ro\/app\/wp-json\/wp\/v2\/comments?post=10082"}],"version-history":[{"count":0,"href":"https:\/\/www.newsrecorder.ro\/app\/wp-json\/wp\/v2\/posts\/10082\/revisions"}],"wp:featuredmedia":[{"embeddable":true,"href":"https:\/\/www.newsrecorder.ro\/app\/wp-json\/wp\/v2\/media\/10083"}],"wp:attachment":[{"href":"https:\/\/www.newsrecorder.ro\/app\/wp-json\/wp\/v2\/media?parent=10082"}],"wp:term":[{"taxonomy":"category","embeddable":true,"href":"https:\/\/www.newsrecorder.ro\/app\/wp-json\/wp\/v2\/categories?post=10082"},{"taxonomy":"post_tag","embeddable":true,"href":"https:\/\/www.newsrecorder.ro\/app\/wp-json\/wp\/v2\/tags?post=10082"}],"curies":[{"name":"wp","href":"https:\/\/api.w.org\/{rel}","templated":true}]}}