{"id":10098,"date":"2026-03-22T19:46:34","date_gmt":"2026-03-22T19:46:34","guid":{"rendered":"https:\/\/www.newsrecorder.ro\/app\/2026\/03\/22\/echinoctiul-de-primavara-2026-mistere-superstitii-si-semnificatii\/"},"modified":"2026-03-22T19:46:34","modified_gmt":"2026-03-22T19:46:34","slug":"echinoctiul-de-primavara-2026-mistere-superstitii-si-semnificatii","status":"publish","type":"post","link":"https:\/\/www.newsrecorder.ro\/app\/2026\/03\/22\/echinoctiul-de-primavara-2026-mistere-superstitii-si-semnificatii\/","title":{"rendered":"Echinoc\u021biul de prim\u0103var\u0103 2026: Mistere, supersti\u021bii \u0219i semnifica\u021bii!"},"content":{"rendered":"<p>Echinoc\u021biul reprezint\u0103 un moment fascinant \u00een care Soarele traverseaz\u0103 ecuatorul ceresc, iar ziua devine aproape egal\u0103 cu noaptea \u00een toate col\u021burile lumii. Acest fenomen natural are loc de dou\u0103 ori pe an, \u00een prim\u0103var\u0103 \u0219i toamn\u0103, iar echinoc\u021biul de prim\u0103var\u0103 marcheaz\u0103 \u00eenceputul unui nou ciclu al naturii. Dup\u0103 acest moment, zilele devin tot mai lungi, iar temperaturile \u00eencep s\u0103 creasc\u0103 treptat.<\/p>\n<p>Pe l\u00e2ng\u0103 efectele asupra mediului, echinoc\u021biul aduce \u0219i schimb\u0103ri semnificative \u00een via\u021ba oamenilor. Natura revine la via\u021b\u0103, cu plantele \u00eenflorind \u0219i animalele devenind mai active. \u00cen aceast\u0103 perioad\u0103, mul\u021bi oameni simt o cre\u0219tere a energiei \u0219i a st\u0103rii de bine. Ritmul biologic se ajusteaz\u0103 datorit\u0103 orelor suplimentare de lumin\u0103, iar dorin\u021ba de schimbare, cur\u0103\u021benie \u0219i re\u00eennoire devine tot mai puternic\u0103. \u00cen multe culturi, echinoc\u021biul simbolizeaz\u0103 echilibrul, fiind considerat un moment ideal pentru a \u00eencepe lucruri noi.<\/p>\n<p>\u00cen Rom\u00e2nia, tradi\u021bia popular\u0103 \u00een jurul echinoc\u021biului este profund \u00eenr\u0103d\u0103cinat\u0103, de\u0219i termenul nu era \u00eentotdeauna folosit. Acest moment era asociat cu sosirea prim\u0103verii \u0219i rena\u0219terea naturii. Oamenii credeau c\u0103 este important s\u0103 fac\u0103 o cur\u0103\u021benie general\u0103 \u00een gospod\u0103rii pentru a alunga energiile negative \u0219i c\u0103 ceea ce faci \u00een aceast\u0103 zi \u00ee\u021bi va influen\u021ba starea de spirit pe parcursul \u00eentregii prim\u0103veri. De asemenea, se spunea c\u0103 certurile sau sup\u0103r\u0103rile \u00een aceast\u0103 zi pot aduce ghinion, iar agricultorii \u00eencepeau lucr\u0103rile agricole, consider\u00e2nd c\u0103 momentul este favorabil. \u00cen unele regiuni, vremea zilei echinoc\u021biului era v\u0103zut\u0103 ca un indicator pentru cum va fi prim\u0103vara.<\/p>\n<p>Echinoc\u021biul de prim\u0103var\u0103 este s\u0103rb\u0103torit la nivel mondial prin diverse ritualuri \u0219i festivaluri. De exemplu, \u00een Iran \u0219i alte \u021b\u0103ri din Asia Central\u0103, echinoc\u021biul semnific\u0103 Nowruz, Anul Nou persan, un simbol al re\u00eennoirii \u0219i al speran\u021bei. La Stonehenge, oameni din \u00eentreaga lume se reunesc pentru a observa r\u0103s\u0103ritul soarelui, iar \u00een Mexic, la Chichen Itza, apare celebra \u201eumbr\u0103 a \u0219arpelui\u201d pe piramid\u0103, un fenomen spectaculos legat de echinoc\u021biul de prim\u0103var\u0103. \u00cen Japonia, echinoc\u021biul este o zi liber\u0103 dedicat\u0103 reflec\u021biei \u0219i vizit\u0103rii mormintelor.<\/p>\n<p>\u00cen multe culturi, aceast\u0103 zi este considerat\u0103 un moment de echilibru \u00eentre lumin\u0103 \u0219i \u00eentuneric, \u00eentre trecut \u0219i viitor. Echinoc\u021biul de prim\u0103var\u0103 <a href=\"https:\/\/www.mediafax.ro\/life-entertaiment\/echinoctiul-de-primavara-2026-explicatia-pentru-care-primavara-nu-mai-vine-pe-21-martie-23706518\" target=\"_blank\" rel=\"noopener\">r\u0103m\u00e2ne unul dintre cele mai simbolice momente ale anului<\/a>. Dincolo de explica\u021biile \u0219tiin\u021bifice, el este perceput ca un prag \u00eentre anotimpuri \u0219i o invita\u021bie la re\u00eennoire, at\u00e2t \u00een natur\u0103, c\u00e2t \u0219i \u00een via\u021ba cotidian\u0103 a oamenilor.<\/p>\n","protected":false},"excerpt":{"rendered":"<p>Echinoc\u021biul reprezint\u0103 un moment fascinant \u00een care Soarele traverseaz\u0103 ecuatorul ceresc, iar ziua devine aproape egal\u0103 cu noaptea \u00een toate col\u021burile lumii. Acest fenomen natural are loc de dou\u0103 ori pe an, \u00een prim\u0103var\u0103 \u0219i toamn\u0103, iar echinoc\u021biul de prim\u0103var\u0103 marcheaz\u0103 \u00eenceputul unui nou ciclu al naturii. Dup\u0103 acest moment, zilele devin tot mai lungi, [&hellip;]<\/p>\n","protected":false},"author":7,"featured_media":10099,"comment_status":"open","ping_status":"open","sticky":false,"template":"","format":"standard","meta":{"jnews-multi-image_gallery":[],"jnews_single_post":[],"jnews_primary_category":[],"jnews_override_counter":[],"footnotes":""},"categories":[43],"tags":[12937,205,12545,191,1468,3233,190,1469],"class_list":["post-10098","post","type-post","status-publish","format-standard","has-post-thumbnail","hentry","category-cultura","tag-ciclu","tag-echilibru","tag-echinoctiu","tag-energie","tag-natura","tag-primavara","tag-schimbare","tag-traditii"],"_links":{"self":[{"href":"https:\/\/www.newsrecorder.ro\/app\/wp-json\/wp\/v2\/posts\/10098","targetHints":{"allow":["GET"]}}],"collection":[{"href":"https:\/\/www.newsrecorder.ro\/app\/wp-json\/wp\/v2\/posts"}],"about":[{"href":"https:\/\/www.newsrecorder.ro\/app\/wp-json\/wp\/v2\/types\/post"}],"author":[{"embeddable":true,"href":"https:\/\/www.newsrecorder.ro\/app\/wp-json\/wp\/v2\/users\/7"}],"replies":[{"embeddable":true,"href":"https:\/\/www.newsrecorder.ro\/app\/wp-json\/wp\/v2\/comments?post=10098"}],"version-history":[{"count":0,"href":"https:\/\/www.newsrecorder.ro\/app\/wp-json\/wp\/v2\/posts\/10098\/revisions"}],"wp:featuredmedia":[{"embeddable":true,"href":"https:\/\/www.newsrecorder.ro\/app\/wp-json\/wp\/v2\/media\/10099"}],"wp:attachment":[{"href":"https:\/\/www.newsrecorder.ro\/app\/wp-json\/wp\/v2\/media?parent=10098"}],"wp:term":[{"taxonomy":"category","embeddable":true,"href":"https:\/\/www.newsrecorder.ro\/app\/wp-json\/wp\/v2\/categories?post=10098"},{"taxonomy":"post_tag","embeddable":true,"href":"https:\/\/www.newsrecorder.ro\/app\/wp-json\/wp\/v2\/tags?post=10098"}],"curies":[{"name":"wp","href":"https:\/\/api.w.org\/{rel}","templated":true}]}}