{"id":10138,"date":"2026-03-23T01:07:21","date_gmt":"2026-03-23T01:07:21","guid":{"rendered":"https:\/\/www.newsrecorder.ro\/app\/2026\/03\/23\/marco-bezzecchi-triumfa-in-brazilia-2-victorii-consecutive-in-motogp\/"},"modified":"2026-03-23T01:07:21","modified_gmt":"2026-03-23T01:07:21","slug":"marco-bezzecchi-triumfa-in-brazilia-2-victorii-consecutive-in-motogp","status":"publish","type":"post","link":"https:\/\/www.newsrecorder.ro\/app\/2026\/03\/23\/marco-bezzecchi-triumfa-in-brazilia-2-victorii-consecutive-in-motogp\/","title":{"rendered":"Marco Bezzecchi triumf\u0103 \u00een Brazilia: 2 victorii consecutive \u00een MotoGP!"},"content":{"rendered":"<p>Marco Bezzecchi a ob\u021binut o victorie impresionant\u0103 \u00een fa\u021ba coechipierului s\u0103u, Jorge Martin, complet\u00e2nd podiumul Fabio Di Giannantonio de la Ducati VR46.<\/p>\n<p>Cursa a fost redus\u0103 cu opt tururi din cauza deterior\u0103rii pistei, provocat\u0103 de temperaturile extrem de ridicate, \u00eens\u0103 acest lucru nu a influen\u021bat ordinea din frunte.<\/p>\n<p>\u00cencep\u00e2nd din prima linie, Bezzecchi a preluat rapid conducerea \u00eenc\u0103 din primul viraj \u0219i a reu\u0219it s\u0103 se distan\u021beze de adversari, men\u021bin\u00e2ndu-se \u00een frunte f\u0103r\u0103 a fi amenin\u021bat p\u00e2n\u0103 la finalul competi\u021biei.<\/p>\n<p>\u00cen spatele s\u0103u, Jorge Martin a avut o presta\u021bie solid\u0103, revenind cu succes \u00een prim-plan dup\u0103 un sezon 2025 plin de provoc\u0103ri, marcat de accident\u0103ri \u0219i tensiuni interne. Campionul mondial din 2024 a reu\u0219it s\u0103 ob\u021bin\u0103 primul s\u0103u podium dup\u0103 o pauz\u0103 \u00eendelungat\u0103.<\/p>\n<p>Confruntarea pentru locul trei a fost una intens\u0103, cu pilo\u021bi de la Ducati \u00een prim-plan. Fabio Di Giannantonio a reu\u0219it s\u0103 reziste atacurilor din partea campionului en-titre, Marc Marquez, \u0219i a \u00eencheiat cursa pe ultima treapt\u0103 a podiumului.<\/p>\n<p>La finalul competi\u021biei, Bezzecchi a subliniat progresele echipei sale: \u201eNu am \u00eenceput foarte bine weekendul, dar am r\u0103mas motiva\u021bi. Echipa a f\u0103cut o treab\u0103 fantastic\u0103. Am mers dincolo de limite pentru acest rezultat. Am reu\u0219it s\u0103 facem motocicleta perfect\u0103, este fantastic\u0103. M-am sim\u021bit foarte bine, a fost o curs\u0103 incredibil\u0103\u201d, a declarat el.<\/p>\n<p>Acest succes confirm\u0103 \u00eenceputul promi\u021b\u0103tor de sezon pentru Aprilia, care pare s\u0103 ia ini\u021biativa \u00een competi\u021bia cu Ducati \u00een actuala stagiune de MotoGP.<\/p>\n<p>\u00cen clasamentul mondial, Bezzecchi se afl\u0103 pe prima pozi\u021bie cu 56 de puncte, \u00een timp ce Jorge Martin ocup\u0103 locul secund, av\u00e2nd 45 de puncte.<\/p>\n","protected":false},"excerpt":{"rendered":"<p>Marco Bezzecchi a ob\u021binut o victorie impresionant\u0103 \u00een fa\u021ba coechipierului s\u0103u, Jorge Martin, complet\u00e2nd podiumul Fabio Di Giannantonio de la Ducati VR46. Cursa a fost redus\u0103 cu opt tururi din cauza deterior\u0103rii pistei, provocat\u0103 de temperaturile extrem de ridicate, \u00eens\u0103 acest lucru nu a influen\u021bat ordinea din frunte. \u00cencep\u00e2nd din prima linie, Bezzecchi a preluat [&hellip;]<\/p>\n","protected":false},"author":6,"featured_media":10139,"comment_status":"open","ping_status":"open","sticky":false,"template":"","format":"standard","meta":{"jnews-multi-image_gallery":[],"jnews_single_post":[],"jnews_primary_category":[],"jnews_override_counter":[],"footnotes":""},"categories":[46],"tags":[1378,3017,12961,8308,12960,1372,8642,3018],"class_list":["post-10138","post","type-post","status-publish","format-standard","has-post-thumbnail","hentry","category-sport","tag-accidentari","tag-campion-mondial","tag-cursa","tag-ducati","tag-fabio-di-giannantonio","tag-jorge-martin","tag-marco-bezzecchi","tag-podium"],"_links":{"self":[{"href":"https:\/\/www.newsrecorder.ro\/app\/wp-json\/wp\/v2\/posts\/10138","targetHints":{"allow":["GET"]}}],"collection":[{"href":"https:\/\/www.newsrecorder.ro\/app\/wp-json\/wp\/v2\/posts"}],"about":[{"href":"https:\/\/www.newsrecorder.ro\/app\/wp-json\/wp\/v2\/types\/post"}],"author":[{"embeddable":true,"href":"https:\/\/www.newsrecorder.ro\/app\/wp-json\/wp\/v2\/users\/6"}],"replies":[{"embeddable":true,"href":"https:\/\/www.newsrecorder.ro\/app\/wp-json\/wp\/v2\/comments?post=10138"}],"version-history":[{"count":0,"href":"https:\/\/www.newsrecorder.ro\/app\/wp-json\/wp\/v2\/posts\/10138\/revisions"}],"wp:featuredmedia":[{"embeddable":true,"href":"https:\/\/www.newsrecorder.ro\/app\/wp-json\/wp\/v2\/media\/10139"}],"wp:attachment":[{"href":"https:\/\/www.newsrecorder.ro\/app\/wp-json\/wp\/v2\/media?parent=10138"}],"wp:term":[{"taxonomy":"category","embeddable":true,"href":"https:\/\/www.newsrecorder.ro\/app\/wp-json\/wp\/v2\/categories?post=10138"},{"taxonomy":"post_tag","embeddable":true,"href":"https:\/\/www.newsrecorder.ro\/app\/wp-json\/wp\/v2\/tags?post=10138"}],"curies":[{"name":"wp","href":"https:\/\/api.w.org\/{rel}","templated":true}]}}