{"id":10148,"date":"2026-03-23T01:08:33","date_gmt":"2026-03-23T01:08:33","guid":{"rendered":"https:\/\/www.newsrecorder.ro\/app\/2026\/03\/23\/ionut-radu-in-poarta-celta-vigo-socheaza-pierde-3-0-cu-alaves\/"},"modified":"2026-03-23T01:08:33","modified_gmt":"2026-03-23T01:08:33","slug":"ionut-radu-in-poarta-celta-vigo-socheaza-pierde-3-0-cu-alaves","status":"publish","type":"post","link":"https:\/\/www.newsrecorder.ro\/app\/2026\/03\/23\/ionut-radu-in-poarta-celta-vigo-socheaza-pierde-3-0-cu-alaves\/","title":{"rendered":"Ionu\u021b Radu, \u00een poart\u0103, Celta Vigo \u0219ocheaz\u0103: pierde 3-0 cu Alaves!"},"content":{"rendered":"<p>Echipa antrenat\u0103 de Ionu\u021b Radu a avut un \u00eenceput promi\u021b\u0103tor, reu\u0219ind s\u0103 marcheze trei goluri rapide, datorit\u0103 lui Ferran Jutgla, care a \u00eenscris \u00een minutele 19 \u0219i 34, \u0219i a lui Hugo Alvarez, care a contribuit cu un gol \u00een minutul 22. Cu toate acestea, Alaves a reu\u0219it s\u0103 reduc\u0103 din diferen\u021b\u0103 \u00eenainte de pauz\u0103, printr-un gol al lui Toni Martinez, care a fost asistat de Angel Perez.<\/p>\n<p>Partea a doua a meciului a fost dominat\u0103 de oaspe\u021bi, care au continuat s\u0103 pun\u0103 presiune pe ap\u0103rarea echipei gazd\u0103.<\/p>\n<p>Toni Martinez a marcat din nou, cu o pas\u0103 superb\u0103 de la Perez, aduc\u00e2nd scorul la 3-2. Egalarea a venit \u00een minutul 70, c\u00e2nd Martinez a reu\u0219it s\u0103 \u00ee\u0219i completeze hat-trick-ul, dup\u0103 o faz\u0103 bine finalizat\u0103 de Abde Rebbach.<\/p>\n<p>Revenirea spectaculoas\u0103 a oaspe\u021bilor s-a concretizat \u00een minutul 78, c\u00e2nd Rebbach a marcat pentru 4-3, asigur\u00e2nd astfel prima victorie a lui Quique Sanchez Flores \u00een calitate de antrenor al echipei Alaves.<\/p>\n<p>\u00cen ultimele momente ale meciului, Celta a \u00eencercat cu disperare s\u0103 egaleze, dar lovitura de cap a lui Carlos Dominguez a fost parat\u0103 cu succes de portarul Antonio Sivera.<\/p>\n<p>Cu aceast\u0103 victorie, Alaves urc\u0103 pe locul 16 \u00een clasament, av\u00e2nd un avans de trei puncte fa\u021b\u0103 de locul 18, care duce \u00een liga secund\u0103.<\/p>\n<p>\u00cen contrast, Ionu\u021b Radu r\u0103m\u00e2ne cu echipa Celta pe locul 6, o pozi\u021bie care le asigur\u0103 accesul \u00een Conference League, av\u00e2nd un total de 41 de puncte.<\/p>\n","protected":false},"excerpt":{"rendered":"<p>Echipa antrenat\u0103 de Ionu\u021b Radu a avut un \u00eenceput promi\u021b\u0103tor, reu\u0219ind s\u0103 marcheze trei goluri rapide, datorit\u0103 lui Ferran Jutgla, care a \u00eenscris \u00een minutele 19 \u0219i 34, \u0219i a lui Hugo Alvarez, care a contribuit cu un gol \u00een minutul 22. Cu toate acestea, Alaves a reu\u0219it s\u0103 reduc\u0103 din diferen\u021b\u0103 \u00eenainte de pauz\u0103, [&hellip;]<\/p>\n","protected":false},"author":6,"featured_media":10149,"comment_status":"open","ping_status":"open","sticky":false,"template":"","format":"standard","meta":{"jnews-multi-image_gallery":[],"jnews_single_post":[],"jnews_primary_category":[],"jnews_override_counter":[],"footnotes":""},"categories":[46],"tags":[12974,12971,7700,12972,8436,57,12975,12973],"class_list":["post-10148","post","type-post","status-publish","format-standard","has-post-thumbnail","hentry","category-sport","tag-alaves","tag-ferran-jutgla","tag-hat-trick","tag-hugo-alvarez","tag-ionut-radu","tag-meci","tag-quiqe-sanchez-flores","tag-toni-martinez"],"_links":{"self":[{"href":"https:\/\/www.newsrecorder.ro\/app\/wp-json\/wp\/v2\/posts\/10148","targetHints":{"allow":["GET"]}}],"collection":[{"href":"https:\/\/www.newsrecorder.ro\/app\/wp-json\/wp\/v2\/posts"}],"about":[{"href":"https:\/\/www.newsrecorder.ro\/app\/wp-json\/wp\/v2\/types\/post"}],"author":[{"embeddable":true,"href":"https:\/\/www.newsrecorder.ro\/app\/wp-json\/wp\/v2\/users\/6"}],"replies":[{"embeddable":true,"href":"https:\/\/www.newsrecorder.ro\/app\/wp-json\/wp\/v2\/comments?post=10148"}],"version-history":[{"count":0,"href":"https:\/\/www.newsrecorder.ro\/app\/wp-json\/wp\/v2\/posts\/10148\/revisions"}],"wp:featuredmedia":[{"embeddable":true,"href":"https:\/\/www.newsrecorder.ro\/app\/wp-json\/wp\/v2\/media\/10149"}],"wp:attachment":[{"href":"https:\/\/www.newsrecorder.ro\/app\/wp-json\/wp\/v2\/media?parent=10148"}],"wp:term":[{"taxonomy":"category","embeddable":true,"href":"https:\/\/www.newsrecorder.ro\/app\/wp-json\/wp\/v2\/categories?post=10148"},{"taxonomy":"post_tag","embeddable":true,"href":"https:\/\/www.newsrecorder.ro\/app\/wp-json\/wp\/v2\/tags?post=10148"}],"curies":[{"name":"wp","href":"https:\/\/api.w.org\/{rel}","templated":true}]}}