{"id":10184,"date":"2026-03-25T22:45:10","date_gmt":"2026-03-25T22:45:10","guid":{"rendered":"https:\/\/www.newsrecorder.ro\/app\/2026\/03\/25\/julia-sauter-pe-drumul-spre-succes-la-campionatul-mondial-de-patinaj\/"},"modified":"2026-03-25T22:45:10","modified_gmt":"2026-03-25T22:45:10","slug":"julia-sauter-pe-drumul-spre-succes-la-campionatul-mondial-de-patinaj","status":"publish","type":"post","link":"https:\/\/www.newsrecorder.ro\/app\/2026\/03\/25\/julia-sauter-pe-drumul-spre-succes-la-campionatul-mondial-de-patinaj\/","title":{"rendered":"Julia Sauter, pe drumul spre succes la Campionatul Mondial de Patinaj!"},"content":{"rendered":"<p>Julia Sauter a \u00eenregistrat un total de 52,67 puncte \u00een cadrul programului scurt, stabilind un nou record personal la Jocurile Olimpice de la Milano Cortina, unde a ob\u021binut 63,16 puncte. Cu aceast\u0103 performan\u021b\u0103, primele 24 de sportive au avansat la programul liber.<\/p>\n<p>Rom\u00e2nca a concurat \u00een grupa a patra, dintr-un total de \u0219ase, av\u00e2nd parte de o provocare major\u0103 dup\u0103 ce prima sa s\u0103ritur\u0103, un triplu Lutz \u2013 triplu Toe Loop, a fost ratat\u0103, fiind nevoit\u0103 s\u0103 execute doar un simplu Lutz.<\/p>\n<p>Cu toate acestea, Sauter, care se afl\u0103 pe locul 19 \u00een clasamentul mondial, a reu\u0219it s\u0103 dep\u0103\u0219easc\u0103 acest moment critic \u0219i a finalizat programul cu determinare.<\/p>\n<p>\u00cenainte de a \u00eencepe programul scurt, patinatoarea a experimentat un atac de panic\u0103. \u201eDintr-odat\u0103, nu mai \u0219tiam ce se \u00eent\u00e2mpl\u0103 sau unde m\u0103 aflu. Nu am mai tr\u0103it asta de mult timp. Dar cred c\u0103 totul se \u00eent\u00e2mpl\u0103 cu un motiv. M\u0103 bucur c\u0103 m-am calificat pentru programul liber \u0219i sunt m\u00e2ndr\u0103 c\u0103, dup\u0103 s\u0103ritura Lutz simpl\u0103 de la \u00eenceput, am reu\u0219it s\u0103-mi reg\u0103sesc spiritul de lupt\u0103toare. Voi lupta \u00een programul liber\u201d, a declarat Sauter, conform sursei Golden Skate.<\/p>\n<p>\u00cen fruntea clasamentului dup\u0103 programul scurt s-au aflat dou\u0103 patinatoare japoneze, Kaori Sakamoto \u0219i Mone Chiba, cu 79,31 \u0219i respectiv 78,45 puncte, fiind urmate de americanca Amber Glenn, care a ob\u021binut 72,65 puncte.<\/p>\n<p>De men\u021bionat este faptul c\u0103 Alysa Liu, campioana olimpic\u0103 de la Milano-Cortina \u0219i de\u021bin\u0103toarea titlului mondial, nu particip\u0103 la competi\u021bia de la Praga.<\/p>\n","protected":false},"excerpt":{"rendered":"<p>Julia Sauter a \u00eenregistrat un total de 52,67 puncte \u00een cadrul programului scurt, stabilind un nou record personal la Jocurile Olimpice de la Milano Cortina, unde a ob\u021binut 63,16 puncte. Cu aceast\u0103 performan\u021b\u0103, primele 24 de sportive au avansat la programul liber. Rom\u00e2nca a concurat \u00een grupa a patra, dintr-un total de \u0219ase, av\u00e2nd parte [&hellip;]<\/p>\n","protected":false},"author":6,"featured_media":10185,"comment_status":"open","ping_status":"open","sticky":false,"template":"","format":"standard","meta":{"jnews-multi-image_gallery":[],"jnews_single_post":[],"jnews_primary_category":[],"jnews_override_counter":[],"footnotes":""},"categories":[46],"tags":[13021,833,5671,2533,4984,972,6268,6515],"class_list":["post-10184","post","type-post","status-publish","format-standard","has-post-thumbnail","hentry","category-sport","tag-atac-de-panica","tag-jocurile-olimpice","tag-julia-sauter","tag-milano-cortina","tag-patinaj-artistic","tag-performanta","tag-program-scurt","tag-record-personal"],"_links":{"self":[{"href":"https:\/\/www.newsrecorder.ro\/app\/wp-json\/wp\/v2\/posts\/10184","targetHints":{"allow":["GET"]}}],"collection":[{"href":"https:\/\/www.newsrecorder.ro\/app\/wp-json\/wp\/v2\/posts"}],"about":[{"href":"https:\/\/www.newsrecorder.ro\/app\/wp-json\/wp\/v2\/types\/post"}],"author":[{"embeddable":true,"href":"https:\/\/www.newsrecorder.ro\/app\/wp-json\/wp\/v2\/users\/6"}],"replies":[{"embeddable":true,"href":"https:\/\/www.newsrecorder.ro\/app\/wp-json\/wp\/v2\/comments?post=10184"}],"version-history":[{"count":0,"href":"https:\/\/www.newsrecorder.ro\/app\/wp-json\/wp\/v2\/posts\/10184\/revisions"}],"wp:featuredmedia":[{"embeddable":true,"href":"https:\/\/www.newsrecorder.ro\/app\/wp-json\/wp\/v2\/media\/10185"}],"wp:attachment":[{"href":"https:\/\/www.newsrecorder.ro\/app\/wp-json\/wp\/v2\/media?parent=10184"}],"wp:term":[{"taxonomy":"category","embeddable":true,"href":"https:\/\/www.newsrecorder.ro\/app\/wp-json\/wp\/v2\/categories?post=10184"},{"taxonomy":"post_tag","embeddable":true,"href":"https:\/\/www.newsrecorder.ro\/app\/wp-json\/wp\/v2\/tags?post=10184"}],"curies":[{"name":"wp","href":"https:\/\/api.w.org\/{rel}","templated":true}]}}