{"id":10204,"date":"2026-03-25T22:47:57","date_gmt":"2026-03-25T22:47:57","guid":{"rendered":"https:\/\/www.newsrecorder.ro\/app\/2026\/03\/25\/alerta-meteo-anm-vant-puternic-si-ploi-moderate-pana-duminica\/"},"modified":"2026-03-25T22:47:57","modified_gmt":"2026-03-25T22:47:57","slug":"alerta-meteo-anm-vant-puternic-si-ploi-moderate-pana-duminica","status":"publish","type":"post","link":"https:\/\/www.newsrecorder.ro\/app\/2026\/03\/25\/alerta-meteo-anm-vant-puternic-si-ploi-moderate-pana-duminica\/","title":{"rendered":"Alert\u0103 meteo ANM: V\u00e2nt puternic \u0219i ploi moderate p\u00e2n\u0103 duminic\u0103!"},"content":{"rendered":"<p>Administra\u021bia Na\u021bional\u0103 de Meteorologie (ANM) a emis un avertisment privind intensificarea v\u00e2ntului, ploi moderate \u0219i ninsori \u00een zonele montane, ce vor duce la formarea unui strat de z\u0103pad\u0103.<\/p>\n<p>Joi, 26 martie, se a\u0219teapt\u0103 ca v\u00e2ntul s\u0103 se intensifice temporar \u00een regiunile Banat, Cri\u0219ana, Moldova \u0219i sudul Transilvaniei. Noaptea, fenomenul va deveni mai accentuat, \u00een special \u00een Oltenia \u0219i Muntenia.<\/p>\n<p>\u00cen zilele de vineri (27 martie) \u0219i s\u00e2mb\u0103t\u0103 (28 martie), majoritatea regiunilor din \u021bar\u0103 vor resim\u021bi v\u00e2nturi cu viteze cuprinse \u00eentre 45 \u0219i 55 km\/h. La altitudini mari, \u00een zonele montane, rafalele ar putea dep\u0103\u0219i 70-80 km\/h.<\/p>\n<p>\u00cencep\u00e2nd de vineri, ploile vor avansa din direc\u021bia sud-vest \u0219i vor ajunge treptat \u00een toate col\u021burile \u021b\u0103rii. \u00cen zonele montane, \u00een special la altitudini de peste 1.700 m, se va produce ninsoare, iar stratul de z\u0103pad\u0103 va fi consistent, fenomenul ini\u021bial manifest\u00e2ndu-se \u00een Carpa\u021bii Meridionali, apoi extinz\u00e2ndu-se \u0219i \u00een celelalte zone montane.<\/p>\n<p>P\u00e2n\u0103 la finalul acestui interval, se estimeaz\u0103 acumul\u0103ri de ap\u0103 de ploaie moderate, cu valori \u00eentre 20-25 l\/mp. \u00cen anumite zone, \u00een special \u00een sudul \u0219i sud-vestul \u021b\u0103rii, precum \u0219i \u00een regiunile montane \u0219i submontane, cantit\u0103\u021bile vor dep\u0103\u0219i local 35 l\/mp.<\/p>\n","protected":false},"excerpt":{"rendered":"<p>Administra\u021bia Na\u021bional\u0103 de Meteorologie (ANM) a emis un avertisment privind intensificarea v\u00e2ntului, ploi moderate \u0219i ninsori \u00een zonele montane, ce vor duce la formarea unui strat de z\u0103pad\u0103. Joi, 26 martie, se a\u0219teapt\u0103 ca v\u00e2ntul s\u0103 se intensifice temporar \u00een regiunile Banat, Cri\u0219ana, Moldova \u0219i sudul Transilvaniei. Noaptea, fenomenul va deveni mai accentuat, \u00een special [&hellip;]<\/p>\n","protected":false},"author":5,"featured_media":10205,"comment_status":"open","ping_status":"open","sticky":false,"template":"","format":"standard","meta":{"jnews-multi-image_gallery":[],"jnews_single_post":[],"jnews_primary_category":[],"jnews_override_counter":[],"footnotes":""},"categories":[45],"tags":[7552,1558,13049,127,13050,13051,122,742],"class_list":["post-10204","post","type-post","status-publish","format-standard","has-post-thumbnail","hentry","category-meteo","tag-avertisment-meteo","tag-carpati-meridionali","tag-intensificare-vant","tag-ninsori","tag-ploi-moderate","tag-regiunile-tarii","tag-strat-de-zapada","tag-zone-montane"],"_links":{"self":[{"href":"https:\/\/www.newsrecorder.ro\/app\/wp-json\/wp\/v2\/posts\/10204","targetHints":{"allow":["GET"]}}],"collection":[{"href":"https:\/\/www.newsrecorder.ro\/app\/wp-json\/wp\/v2\/posts"}],"about":[{"href":"https:\/\/www.newsrecorder.ro\/app\/wp-json\/wp\/v2\/types\/post"}],"author":[{"embeddable":true,"href":"https:\/\/www.newsrecorder.ro\/app\/wp-json\/wp\/v2\/users\/5"}],"replies":[{"embeddable":true,"href":"https:\/\/www.newsrecorder.ro\/app\/wp-json\/wp\/v2\/comments?post=10204"}],"version-history":[{"count":0,"href":"https:\/\/www.newsrecorder.ro\/app\/wp-json\/wp\/v2\/posts\/10204\/revisions"}],"wp:featuredmedia":[{"embeddable":true,"href":"https:\/\/www.newsrecorder.ro\/app\/wp-json\/wp\/v2\/media\/10205"}],"wp:attachment":[{"href":"https:\/\/www.newsrecorder.ro\/app\/wp-json\/wp\/v2\/media?parent=10204"}],"wp:term":[{"taxonomy":"category","embeddable":true,"href":"https:\/\/www.newsrecorder.ro\/app\/wp-json\/wp\/v2\/categories?post=10204"},{"taxonomy":"post_tag","embeddable":true,"href":"https:\/\/www.newsrecorder.ro\/app\/wp-json\/wp\/v2\/tags?post=10204"}],"curies":[{"name":"wp","href":"https:\/\/api.w.org\/{rel}","templated":true}]}}