{"id":10208,"date":"2026-03-25T22:48:37","date_gmt":"2026-03-25T22:48:37","guid":{"rendered":"https:\/\/www.newsrecorder.ro\/app\/2026\/03\/25\/vara-revine-joi-dar-ploile-ne-asteapta-in-weekend-prognoza-anm-pe-scurt\/"},"modified":"2026-03-25T22:48:37","modified_gmt":"2026-03-25T22:48:37","slug":"vara-revine-joi-dar-ploile-ne-asteapta-in-weekend-prognoza-anm-pe-scurt","status":"publish","type":"post","link":"https:\/\/www.newsrecorder.ro\/app\/2026\/03\/25\/vara-revine-joi-dar-ploile-ne-asteapta-in-weekend-prognoza-anm-pe-scurt\/","title":{"rendered":"Vara revine joi, dar ploile ne a\u0219teapt\u0103 \u00een weekend! Prognoza ANM pe scurt."},"content":{"rendered":"<p>P\u00e2n\u0103 la finalul zilei de joi, vremea va continua s\u0103 fie cald\u0103, cu temperaturi ce vor atinge 18 grade \u00een sudul \u021b\u0103rii. \u00cens\u0103, de weekend, ne a\u0219teapt\u0103 o r\u0103cire semnificativ\u0103 \u0219i precipita\u021bii. Administra\u021bia Na\u021bional\u0103 de Meteorologie (ANM) a publicat prognoza detaliat\u0103 p\u00e2n\u0103 pe 5 aprilie.<\/p>\n<p><strong>BANAT<\/strong><\/p>\n<p>\u00centre 23 \u0219i 26 martie, regiunea Banat se va bucura de o vreme cald\u0103, cu temperaturi maxime ce vor varia \u00eentre 15 \u0219i 18 grade. \u00cen urm\u0103toarele zile, \u00eens\u0103, se va sim\u021bi o r\u0103cire de aproximativ 6-7 grade. Spre sf\u00e2r\u0219itul lunii martie \u0219i \u00eenceputul lunii aprilie, temperaturile vor cre\u0219te din nou, ating\u00e2nd o medie de 13 grade. \u00cencep\u00e2nd cu 2 aprilie, maximele se vor situa \u00eentre 12 \u0219i 14 grade, iar minimele vor fluctua \u00eentre 2 \u0219i 6 grade \u00een prima s\u0103pt\u0103m\u00e2n\u0103 \u0219i \u00eentre 1 \u0219i 5 grade \u00een cea de-a doua. De asemenea, \u00eencep\u00e2nd cu 26 martie, se preconizeaz\u0103 precipita\u021bii aproape zilnic.<\/p>\n<p><strong>CRI\u0218ANA<\/strong><\/p>\n<p>\u00cen Cri\u0219ana, vremea va fi cald\u0103 \u00eentre 23 \u0219i 26 martie, cu maxime cresc\u00e2nd de la 15 la 18 grade. Totu\u0219i, \u00een urm\u0103toarele zile, temperaturile vor sc\u0103dea cu 6-7 grade. Spre sf\u00e2r\u0219itul lunii, se a\u0219teapt\u0103 o nou\u0103 cre\u0219tere de 4-5 grade. Primele zile din aprilie vor aduce maxime \u00eentre 11 \u0219i 15 grade, iar minimele vor varia \u00eentre 2 \u0219i 6 grade \u00een prima s\u0103pt\u0103m\u00e2n\u0103 \u0219i 1-4 grade \u00een a doua. Precipita\u021bii aproape zilnice sunt a\u0219teptate \u00eencep\u00e2nd cu 26 martie.<\/p>\n<p><strong>TRANSILVANIA<\/strong><\/p>\n<p>\u00cen Transilvania, vremea se va \u00eenc\u0103lzi p\u00e2n\u0103 la 26 martie, cu maxime cuprinse \u00eentre 12 \u0219i 15 grade. \u00cen urm\u0103toarele zile, temperaturile vor sc\u0103dea cu aproximativ 6 grade, iar maximele se vor situa \u00eentre 9 \u0219i 13 grade. Minimele vor varia \u00eentre 0 \u0219i 4 grade \u00een prima s\u0103pt\u0103m\u00e2n\u0103 \u0219i \u00eentre -1 \u0219i 3 grade \u00een a doua. \u00cencep\u00e2nd cu 27 martie, precipita\u021biile vor deveni aproape zilnice.<\/p>\n<p><strong>MARAMURE\u0218<\/strong><\/p>\n<p>\u00centre 23 \u0219i 27 martie, vremea va fi cald\u0103 \u00een Maramure\u0219, cu maxime \u00eentre 14 \u0219i 17 grade. Ulterior, se va r\u0103ci, cu maxime ce vor ajunge \u00eentre 9 \u0219i 12 grade. \u00cen cea de-a doua s\u0103pt\u0103m\u00e2n\u0103, temperaturile vor oscila \u00eentre 10 \u0219i 14 grade. Minimele vor cre\u0219te de la 2 grade la \u00eenceput, p\u00e2n\u0103 la 4-5 grade \u00een dimine\u021bile zilelor de 27 \u0219i 28 martie, dup\u0103 care se va observa o tendin\u021b\u0103 general\u0103 de sc\u0103dere. \u00cencep\u00e2nd cu 27 martie, precipita\u021biile vor fi aproape zilnice.<\/p>\n<p><strong>MOLDOVA<\/strong><\/p>\n<p>\u00cen Moldova, primele patru zile vor aduce o \u00eenc\u0103lzire semnificativ\u0103, cu valori ce vor cre\u0219te de la 12 grade la 16 grade pe 26 martie. Vor urma dou\u0103 zile de r\u0103cire de aproximativ 5 grade, iar p\u00e2n\u0103 la sf\u00e2r\u0219itul intervalului de prognoz\u0103, maximele vor varia \u00eentre 11 \u0219i 14 grade. Minimele se vor situa \u00eentre 2 \u0219i 5 grade, iar precipita\u021biile vor fi posibile aproape zilnic \u00eencep\u00e2nd cu 27 martie.<\/p>\n<p><strong>DOBROGEA<\/strong><\/p>\n<p>\u00cen Dobrogea, prognoza indic\u0103 o medie a valorilor termice maxime \u00eentre 12 \u0219i 15 grade, iar a minimelor \u00eentre 3 \u0219i 6 grade. Probabilitatea de precipita\u021bii va cre\u0219te \u00een ultimele cinci zile ale lunii martie \u0219i \u00een primele zile din aprilie.<\/p>\n<p><strong>MUNTENIA<\/strong><\/p>\n<p>\u00cen Muntenia, \u00eentre 24 \u0219i 26 martie, vremea se va \u00eenc\u0103lzi semnificativ, cu maxime \u00eentre 16 \u0219i 18 grade. \u00cens\u0103, \u00een urm\u0103toarele dou\u0103 zile, se va resim\u021bi o r\u0103cire de 6-7 grade. P\u00e2n\u0103 pe 1 aprilie, maximele vor urca din nou, ating\u00e2nd valori \u00eentre 15 \u0219i 16 grade. \u00cen ultimele zile, se vor a\u0219tepta maxime \u00eentre 12 \u0219i 15 grade, iar minimele vor varia \u00eentre 2 \u0219i 5 grade. Precipita\u021biile vor fi posibile aproape zilnic \u00eencep\u00e2nd cu 27 martie.<\/p>\n<p><strong>OLTENIA<\/strong><\/p>\n<p>Oltenia va experimenta o cre\u0219tere semnificativ\u0103 a temperaturilor, de la 12 grade pe 23 martie la 18 grade pe 26 martie. Urm\u0103toarele zile vor aduce o r\u0103cire, cu maxime ce nu vor dep\u0103\u0219i 11-12 grade. Perioada ulterioar\u0103 va aduce temperaturi maxime \u00eentre 12 \u0219i 15 grade, iar minimele se vor situa \u00eentre 2 \u0219i 5 grade. Precipita\u021biile vor fi posibile aproape zilnic \u00eencep\u00e2nd cu 26 martie.<\/p>\n<p><strong>La munte<\/strong><\/p>\n<p>\u00cen zona montan\u0103, valorile termice se vor \u00eencadra \u00eentre 0 \u0219i 5 grade pentru maxime \u0219i \u00eentre -4 \u0219i -1 grad pentru minime. De asemenea, se a\u0219teapt\u0103 precipita\u021bii aproape zilnic, ini\u021bial pe spa\u021bii mici, iar ulterior pe arii extinse.<\/p>\n","protected":false},"excerpt":{"rendered":"<p>P\u00e2n\u0103 la finalul zilei de joi, vremea va continua s\u0103 fie cald\u0103, cu temperaturi ce vor atinge 18 grade \u00een sudul \u021b\u0103rii. \u00cens\u0103, de weekend, ne a\u0219teapt\u0103 o r\u0103cire semnificativ\u0103 \u0219i precipita\u021bii. Administra\u021bia Na\u021bional\u0103 de Meteorologie (ANM) a publicat prognoza detaliat\u0103 p\u00e2n\u0103 pe 5 aprilie. BANAT \u00centre 23 \u0219i 26 martie, regiunea Banat se va [&hellip;]<\/p>\n","protected":false},"author":5,"featured_media":10209,"comment_status":"open","ping_status":"open","sticky":false,"template":"","format":"standard","meta":{"jnews-multi-image_gallery":[],"jnews_single_post":[],"jnews_primary_category":[],"jnews_override_counter":[],"footnotes":""},"categories":[45],"tags":[1816,197,200,135,141,1155,126,1149],"class_list":["post-10208","post","type-post","status-publish","format-standard","has-post-thumbnail","hentry","category-meteo","tag-administratia-nationala-de-meteorologie","tag-banat","tag-crisana","tag-precipitatii","tag-prognoza-meteo","tag-racire","tag-temperaturi","tag-vreme-calda"],"_links":{"self":[{"href":"https:\/\/www.newsrecorder.ro\/app\/wp-json\/wp\/v2\/posts\/10208","targetHints":{"allow":["GET"]}}],"collection":[{"href":"https:\/\/www.newsrecorder.ro\/app\/wp-json\/wp\/v2\/posts"}],"about":[{"href":"https:\/\/www.newsrecorder.ro\/app\/wp-json\/wp\/v2\/types\/post"}],"author":[{"embeddable":true,"href":"https:\/\/www.newsrecorder.ro\/app\/wp-json\/wp\/v2\/users\/5"}],"replies":[{"embeddable":true,"href":"https:\/\/www.newsrecorder.ro\/app\/wp-json\/wp\/v2\/comments?post=10208"}],"version-history":[{"count":0,"href":"https:\/\/www.newsrecorder.ro\/app\/wp-json\/wp\/v2\/posts\/10208\/revisions"}],"wp:featuredmedia":[{"embeddable":true,"href":"https:\/\/www.newsrecorder.ro\/app\/wp-json\/wp\/v2\/media\/10209"}],"wp:attachment":[{"href":"https:\/\/www.newsrecorder.ro\/app\/wp-json\/wp\/v2\/media?parent=10208"}],"wp:term":[{"taxonomy":"category","embeddable":true,"href":"https:\/\/www.newsrecorder.ro\/app\/wp-json\/wp\/v2\/categories?post=10208"},{"taxonomy":"post_tag","embeddable":true,"href":"https:\/\/www.newsrecorder.ro\/app\/wp-json\/wp\/v2\/tags?post=10208"}],"curies":[{"name":"wp","href":"https:\/\/api.w.org\/{rel}","templated":true}]}}