{"id":1021,"date":"2026-01-31T09:50:15","date_gmt":"2026-01-31T09:50:15","guid":{"rendered":"https:\/\/www.newsrecorder.ro\/app\/2026\/01\/31\/cadourile-inedite-primite-de-nicusor-dan-la-palatul-cotroceni\/"},"modified":"2026-01-31T09:50:15","modified_gmt":"2026-01-31T09:50:15","slug":"cadourile-inedite-primite-de-nicusor-dan-la-palatul-cotroceni","status":"publish","type":"post","link":"https:\/\/www.newsrecorder.ro\/app\/2026\/01\/31\/cadourile-inedite-primite-de-nicusor-dan-la-palatul-cotroceni\/","title":{"rendered":"Cadourile inedite primite de Nicu\u0219or Dan la Palatul Cotroceni"},"content":{"rendered":"<p>Administra\u021bia Preziden\u021bial\u0103 a f\u0103cut public\u0103 lista bunurilor primite cu titlu gratuit \u00een cadrul unor evenimente de protocol, bunuri care au fost evaluate \u00een 2025. Acestea au fost depuse la Comisia de evaluare a Administra\u021biei Preziden\u021biale \u0219i sunt destinate Patrimoniului acestei institu\u021bii.<\/p>\n<p>Printre cele mai valoroase bunuri se num\u0103r\u0103 o fotografie \u00eenr\u0103mat\u0103, de culoare vi\u0219inie, realizat\u0103 din piele Ettinger, protejat\u0103 cu sticl\u0103 \u0219i paspartu. Aceasta poart\u0103 autografele Majest\u0103\u021bii Sale Regele Charles al III-lea \u0219i ale Reginei Camilla, fiind estimat\u0103 la o valoare de 3.400 de euro.<\/p>\n<p>\u00cen contrast, majoritatea bunurilor evaluate au o valoare sub 1.000 de euro. De exemplu, trei tablouri ce ilustreaz\u0103 persoane \u00een port na\u021bional, peisaje naturale \u0219i intrarea \u00eentr-o cetate au fost evaluate la doar 5 euro fiecare.<\/p>\n<p>Printre bunurile primite se num\u0103r\u0103 \u0219i un set de por\u021belan Gmundner Keramika, compus din opt piese: patru c\u0103ni pentru ceai \u0219i patru farfurioare decorate cu motive de reni ro\u0219ii \u0219i verzi. Totodat\u0103, a fost inclus \u00een patrimoniu \u0219i un set de por\u021belan de ceai de la Historic Royal Palaces, care con\u021bine dou\u0103 c\u0103ni \u00eenalte \u0219i dou\u0103 c\u0103ni ovale.<\/p>\n<p>Un alt obiect notabil este un tablou ce \u00eenf\u0103\u021bi\u0219eaz\u0103 drapelul Rom\u00e2niei, realizat \u00een form\u0103 de triunghi, av\u00e2nd o ram\u0103 din plastic negru, paspartu \u0219i sticl\u0103. \u201eDrapelul a fost purtat \u00een zbor \u00een cadrul unei misiuni reale de Poli\u021bie Aerian\u0103 deasupra M\u0103rii Baltice, la bordul aeronavei F-16 MLU din cadrul Deta\u0219amentului \u201eCarpathian Vipers\u201d, \u00een onoarea Pre\u0219edintelui Rom\u00e2niei, domnul Nicu\u0219or Dan\u201d, se men\u021bioneaz\u0103 \u00een document.<\/p>\n<p>De asemenea, \u0219eful statului a primit o cravat\u0103 verde Seroussi, personalizat\u0103 cu simbolurile Universit\u0103\u021bii de Medicin\u0103 \u0219i Farmacie \u201eGrigore T. Popa\u201d, \u00eempreun\u0103 cu diverse obiecte biserice\u0219ti ce poart\u0103 \u00eensemnele Patriarhului Ecumenic.<\/p>\n<p>Valoarea total\u0103 a bunurilor primite se ridic\u0103 la 9.862 de euro, eviden\u021biind importan\u021ba acestor dona\u021bii \u00een contextul activit\u0103\u021bilor protocolare ale Administra\u021biei Preziden\u021biale.<\/p>\n","protected":false},"excerpt":{"rendered":"<p>Administra\u021bia Preziden\u021bial\u0103 a f\u0103cut public\u0103 lista bunurilor primite cu titlu gratuit \u00een cadrul unor evenimente de protocol, bunuri care au fost evaluate \u00een 2025. Acestea au fost depuse la Comisia de evaluare a Administra\u021biei Preziden\u021biale \u0219i sunt destinate Patrimoniului acestei institu\u021bii. Printre cele mai valoroase bunuri se num\u0103r\u0103 o fotografie \u00eenr\u0103mat\u0103, de culoare vi\u0219inie, realizat\u0103 [&hellip;]<\/p>\n","protected":false},"author":2,"featured_media":1022,"comment_status":"open","ping_status":"open","sticky":false,"template":"","format":"standard","meta":{"jnews-multi-image_gallery":[],"jnews_single_post":[],"jnews_primary_category":[],"jnews_override_counter":[],"footnotes":""},"categories":[42],"tags":[1830,1831,1832,1740,1834,1639,1833,1835],"class_list":["post-1021","post","type-post","status-publish","format-standard","has-post-thumbnail","hentry","category-politica","tag-administratia-prezidentiala","tag-bunuri-protocol","tag-evaluare-2025","tag-patrimoniu","tag-portelan-gmundner","tag-regele-charles-al-iii-lea","tag-regina-camilla","tag-tablouri"],"_links":{"self":[{"href":"https:\/\/www.newsrecorder.ro\/app\/wp-json\/wp\/v2\/posts\/1021","targetHints":{"allow":["GET"]}}],"collection":[{"href":"https:\/\/www.newsrecorder.ro\/app\/wp-json\/wp\/v2\/posts"}],"about":[{"href":"https:\/\/www.newsrecorder.ro\/app\/wp-json\/wp\/v2\/types\/post"}],"author":[{"embeddable":true,"href":"https:\/\/www.newsrecorder.ro\/app\/wp-json\/wp\/v2\/users\/2"}],"replies":[{"embeddable":true,"href":"https:\/\/www.newsrecorder.ro\/app\/wp-json\/wp\/v2\/comments?post=1021"}],"version-history":[{"count":0,"href":"https:\/\/www.newsrecorder.ro\/app\/wp-json\/wp\/v2\/posts\/1021\/revisions"}],"wp:featuredmedia":[{"embeddable":true,"href":"https:\/\/www.newsrecorder.ro\/app\/wp-json\/wp\/v2\/media\/1022"}],"wp:attachment":[{"href":"https:\/\/www.newsrecorder.ro\/app\/wp-json\/wp\/v2\/media?parent=1021"}],"wp:term":[{"taxonomy":"category","embeddable":true,"href":"https:\/\/www.newsrecorder.ro\/app\/wp-json\/wp\/v2\/categories?post=1021"},{"taxonomy":"post_tag","embeddable":true,"href":"https:\/\/www.newsrecorder.ro\/app\/wp-json\/wp\/v2\/tags?post=1021"}],"curies":[{"name":"wp","href":"https:\/\/api.w.org\/{rel}","templated":true}]}}