{"id":10222,"date":"2026-03-25T23:10:22","date_gmt":"2026-03-25T23:10:22","guid":{"rendered":"https:\/\/www.newsrecorder.ro\/app\/2026\/03\/25\/prognoza-meteo-surprinzatoare-pentru-penultima-saptamana-din-martie\/"},"modified":"2026-03-25T23:10:22","modified_gmt":"2026-03-25T23:10:22","slug":"prognoza-meteo-surprinzatoare-pentru-penultima-saptamana-din-martie","status":"publish","type":"post","link":"https:\/\/www.newsrecorder.ro\/app\/2026\/03\/25\/prognoza-meteo-surprinzatoare-pentru-penultima-saptamana-din-martie\/","title":{"rendered":"Prognoza meteo surprinz\u0103toare pentru penultima s\u0103pt\u0103m\u00e2n\u0103 din martie!"},"content":{"rendered":"<p>\u00cen urm\u0103toarele zile, vremea va continua s\u0103 fie \u00een general pl\u0103cut\u0103 \u0219i u\u0219or mai cald\u0103 dec\u00e2t de obicei, conform prognozei ANM pentru perioada 15\u201319 martie.<\/p>\n<p>\u00cen regiunile vestice \u0219i nord-vestice ale \u021b\u0103rii, temperaturile maxime ar putea atinge 17 grade Celsius, ceea ce indic\u0103 o prim\u0103var\u0103 timpurie pentru aceste zone.<\/p>\n<p>Pe parcursul zilei de 15 martie \u0219i pe timpul nop\u021bii care urmeaz\u0103, regiunile intracarpatice se vor bucura de vremuri mai calde, cu un cer predominant senin.<\/p>\n<p>\u00cen restul \u021b\u0103rii, vremea va fi variabil\u0103, iar diminea\u021ba \u0219i noaptea se vor semnala, pe alocuri, nori jo\u0219i \u0219i cea\u021b\u0103. Maximele vor oscila \u00eentre 9 \u0219i 17 grade, \u00een timp ce minimele vor fi cuprinse \u00eentre -8 \u0219i 5 grade.<\/p>\n<p>Pentru intervalul 16\u201317 martie, meteorologii preconizeaz\u0103 o continuare a temperaturilor similare, cu cer variabil \u0219i, \u00een unele zone, cea\u021b\u0103 sau nebulozitate joas\u0103 diminea\u021ba \u0219i noaptea, \u00een special \u00een sud-estul \u021b\u0103rii. La altitudini mari, \u00een Carpa\u021bii Meridionali, sunt posibile precipita\u021bii slabe mixte. Maximele vor atinge aproximativ 17 grade \u00een Dealurile de Vest, iar minimele vor sc\u0103dea p\u00e2n\u0103 la -7 grade \u00een depresiunile estice ale Transilvaniei.<\/p>\n<p>\u00cen perioada 17\u201318 martie, temperaturile diurne vor r\u0103m\u00e2ne peste normalul sezonier \u00een vest, nord-vest \u0219i centrul \u021b\u0103rii, \u00een timp ce \u00een restul \u021b\u0103rii se vor apropia de mediile climatologice. Cerul va fi temporar noros, iar \u00een regiunile vestice \u0219i sud-vestice ar putea c\u0103dea ploi slabe spre sear\u0103 \u0219i \u00een timpul nop\u021bii.<\/p>\n<p>\u00centre 18 \u0219i 19 martie, regimul termic va r\u0103m\u00e2ne constant, cu maxim\u0103 \u00eentre 9 \u0219i 17 grade \u0219i minime \u00eentre -7 \u0219i 6 grade. \u00cen Moldova, exist\u0103 \u0219anse de precipita\u021bii slabe, mixte la c\u00e2mpie \u0219i sub form\u0103 de ninsoare la munte.<\/p>\n<p>\u00cen Bucure\u0219ti, vremea va fi stabil\u0103 \u00een urm\u0103toarele zile, cu temperaturi maxime variind \u00eentre 11 \u0219i 14 grade \u0219i minime ce pot cobor\u00ee \u00eentre -1 \u0219i 3 grade. Cerul va fi variabil, cu nebulozitate joas\u0103 sau cea\u021b\u0103, \u00een special diminea\u021ba \u0219i \u00een a doua parte a nop\u021bilor.<\/p>\n<p>\u00cen ceea ce prive\u0219te perioada 19\u201322 martie, meteorologii estimeaz\u0103 c\u0103 temperaturile se vor men\u021bine aproape de valorile normale pentru aceast\u0103 perioad\u0103, iar probabilitatea de precipita\u021bii va fi mai ridicat\u0103 la \u00eenceputul intervalului \u00een estul \u0219i sud-estul \u021b\u0103rii.<\/p>\n","protected":false},"excerpt":{"rendered":"<p>\u00cen urm\u0103toarele zile, vremea va continua s\u0103 fie \u00een general pl\u0103cut\u0103 \u0219i u\u0219or mai cald\u0103 dec\u00e2t de obicei, conform prognozei ANM pentru perioada 15\u201319 martie. \u00cen regiunile vestice \u0219i nord-vestice ale \u021b\u0103rii, temperaturile maxime ar putea atinge 17 grade Celsius, ceea ce indic\u0103 o prim\u0103var\u0103 timpurie pentru aceste zone. Pe parcursul zilei de 15 martie [&hellip;]<\/p>\n","protected":false},"author":5,"featured_media":10223,"comment_status":"open","ping_status":"open","sticky":false,"template":"","format":"standard","meta":{"jnews-multi-image_gallery":[],"jnews_single_post":[],"jnews_primary_category":[],"jnews_override_counter":[],"footnotes":""},"categories":[45],"tags":[150,1145,131,10128,3233,132,126,125],"class_list":["post-10222","post","type-post","status-publish","format-standard","has-post-thumbnail","hentry","category-meteo","tag-anm","tag-carpati","tag-ceata","tag-cer-senin","tag-primavara","tag-prognoza","tag-temperaturi","tag-vreme"],"_links":{"self":[{"href":"https:\/\/www.newsrecorder.ro\/app\/wp-json\/wp\/v2\/posts\/10222","targetHints":{"allow":["GET"]}}],"collection":[{"href":"https:\/\/www.newsrecorder.ro\/app\/wp-json\/wp\/v2\/posts"}],"about":[{"href":"https:\/\/www.newsrecorder.ro\/app\/wp-json\/wp\/v2\/types\/post"}],"author":[{"embeddable":true,"href":"https:\/\/www.newsrecorder.ro\/app\/wp-json\/wp\/v2\/users\/5"}],"replies":[{"embeddable":true,"href":"https:\/\/www.newsrecorder.ro\/app\/wp-json\/wp\/v2\/comments?post=10222"}],"version-history":[{"count":0,"href":"https:\/\/www.newsrecorder.ro\/app\/wp-json\/wp\/v2\/posts\/10222\/revisions"}],"wp:featuredmedia":[{"embeddable":true,"href":"https:\/\/www.newsrecorder.ro\/app\/wp-json\/wp\/v2\/media\/10223"}],"wp:attachment":[{"href":"https:\/\/www.newsrecorder.ro\/app\/wp-json\/wp\/v2\/media?parent=10222"}],"wp:term":[{"taxonomy":"category","embeddable":true,"href":"https:\/\/www.newsrecorder.ro\/app\/wp-json\/wp\/v2\/categories?post=10222"},{"taxonomy":"post_tag","embeddable":true,"href":"https:\/\/www.newsrecorder.ro\/app\/wp-json\/wp\/v2\/tags?post=10222"}],"curies":[{"name":"wp","href":"https:\/\/api.w.org\/{rel}","templated":true}]}}