{"id":1023,"date":"2026-01-31T09:50:35","date_gmt":"2026-01-31T09:50:35","guid":{"rendered":"https:\/\/www.newsrecorder.ro\/app\/2026\/01\/31\/premierul-in-vizorul-dna-sindicalistii-cer-clarificari-urgente\/"},"modified":"2026-01-31T09:50:35","modified_gmt":"2026-01-31T09:50:35","slug":"premierul-in-vizorul-dna-sindicalistii-cer-clarificari-urgente","status":"publish","type":"post","link":"https:\/\/www.newsrecorder.ro\/app\/2026\/01\/31\/premierul-in-vizorul-dna-sindicalistii-cer-clarificari-urgente\/","title":{"rendered":"Premierul, \u00een vizorul DNA: Sindicali\u0219tii cer clarific\u0103ri urgente!"},"content":{"rendered":"<p>\u00centr-un caz care a captat aten\u021bia mass-media, o persoan\u0103 cu experien\u021b\u0103 \u00een domeniul juridic a fost prins\u0103 \u00een flagrant, accept\u00e2nd suma de 60.000 de euro \u00eentr-o situa\u021bie calificat\u0103 drept trafic de influen\u021b\u0103. Aceasta se refer\u0103 la promisiuni de interven\u021bii la nivel \u00eenalt al institu\u021biilor. Comunicatul sindicatului subliniaz\u0103 implicarea numelui premierului, suger\u00e2nd c\u0103 exist\u0103 o posibilitate de acces direct la acesta, o idee care alimenteaz\u0103 nara\u021biuni de influen\u021b\u0103 \u0219i intermediere.<\/p>\n<p>Sindicatul solicit\u0103 premierului s\u0103 ofere \u201eexplica\u021bii clare\u201d cu privire la criteriile prin care se delimiteaz\u0103 de re\u021belele de acces \u0219i intermedieri, precum \u0219i cine beneficiaz\u0103 de acces la Palatul Victoria, sub ce condi\u021bii \u0219i cu ce responsabilitate.<\/p>\n<p>\u201eProblema nu const\u0103 doar \u00een faptul c\u0103 numele premierului apare \u00eentr-o conversa\u021bie interceptat\u0103; ci \u00een ecosistemul care sugereaz\u0103, \u00een percep\u021bia publicului, c\u0103 se poate ajunge la premier prin pl\u0103\u021bi, rela\u021bii sau canale informale. Acest ecosistem a fost documentat \u00een pres\u0103, iar respectul pentru institu\u021bia pe care o conduce impune o clarificare clar\u0103\u201d, sus\u021bin sindicali\u0219tii.<\/p>\n<p>Sindicatul cere r\u0103spunsuri publice concise, printre care: rela\u021bia personal\u0103 \u0219i institu\u021bional\u0103 cu persoanele care au men\u021bionat numele premierului; explica\u021bii privind procedurile de acces la cabinetul premierului; pozi\u021bia premierului fa\u021b\u0103 de cultura intermedierii \u0219i a corup\u021biei; mecanismele de verificare pentru \u00eent\u00e2lniri \u0219i recomand\u0103ri; m\u0103suri concrete pentru a preveni influen\u021bele informale; \u0219i, desigur, asumarea unui standard minim de integritate din partea premierului, care s\u0103 clarifice situa\u021biile \u00een care numele s\u0103u este folosit ca un canal de acces.<\/p>\n<p>Sindicali\u0219tii solicit\u0103 ca aceste clarific\u0103ri s\u0103 fie date cu aceea\u0219i determinare cu care Guvernul a implementat m\u0103suri dure pentru a proteja drepturile celor care muncesc cinstit.<\/p>\n<p>Referitor la scandalul \u00een care este implicat\u0103 o avocat\u0103 din PNL, reprezentan\u021bii Guvernului au reac\u021bionat. Purt\u0103toarea de cuv\u00e2nt a Guvernului, Ioana Dogioiu, a declarat c\u0103 premierul Ilie Bolojan nu o cunoa\u0219te pe avocata implicat\u0103. \u00cen plus, aceasta a men\u021bionat c\u0103 premierul interac\u021bioneaz\u0103 frecvent cu persoane str\u0103ine la evenimente publice.<\/p>\n<p>Procurorii DNA au prins, recent, \u00een flagrant, o avocat\u0103 membr\u0103 a PNL, acuzat\u0103 c\u0103 ar fi promis interven\u021bii \u00een Justi\u021bie \u0219i la nivel guvernamental \u00een schimbul unor sume de bani. Ulterior, avocata Adriana Georgescu \u0219i Gheorghe Iscru, b\u0103rbatul care s-ar fi prezentat ca \u201egeneral SIE\u201d, au fost aresta\u021bi preventiv pentru 30 de zile. \u00cen stenogramele dosarului apar nume cunoscute, precum Nicu\u0219or Dan, Ilie Bolojan, Ciprian Ciucu \u0219i Ludovic Orban. De asemenea, avocata a postat pe re\u021belele de socializare numeroase fotografii al\u0103turi de politicieni renumi\u021bi.<\/p>\n","protected":false},"excerpt":{"rendered":"<p>\u00centr-un caz care a captat aten\u021bia mass-media, o persoan\u0103 cu experien\u021b\u0103 \u00een domeniul juridic a fost prins\u0103 \u00een flagrant, accept\u00e2nd suma de 60.000 de euro \u00eentr-o situa\u021bie calificat\u0103 drept trafic de influen\u021b\u0103. Aceasta se refer\u0103 la promisiuni de interven\u021bii la nivel \u00eenalt al institu\u021biilor. Comunicatul sindicatului subliniaz\u0103 implicarea numelui premierului, suger\u00e2nd c\u0103 exist\u0103 o posibilitate [&hellip;]<\/p>\n","protected":false},"author":2,"featured_media":1024,"comment_status":"open","ping_status":"open","sticky":false,"template":"","format":"standard","meta":{"jnews-multi-image_gallery":[],"jnews_single_post":[],"jnews_primary_category":[],"jnews_override_counter":[],"footnotes":""},"categories":[42],"tags":[1841,1838,1840,1046,319,1839,1837,1836],"class_list":["post-1023","post","type-post","status-publish","format-standard","has-post-thumbnail","hentry","category-politica","tag-comunicat","tag-interventii","tag-palatul-victoria","tag-premier","tag-responsabilitate","tag-retele-de-acces","tag-sindicat","tag-trafic-de-influenta"],"_links":{"self":[{"href":"https:\/\/www.newsrecorder.ro\/app\/wp-json\/wp\/v2\/posts\/1023","targetHints":{"allow":["GET"]}}],"collection":[{"href":"https:\/\/www.newsrecorder.ro\/app\/wp-json\/wp\/v2\/posts"}],"about":[{"href":"https:\/\/www.newsrecorder.ro\/app\/wp-json\/wp\/v2\/types\/post"}],"author":[{"embeddable":true,"href":"https:\/\/www.newsrecorder.ro\/app\/wp-json\/wp\/v2\/users\/2"}],"replies":[{"embeddable":true,"href":"https:\/\/www.newsrecorder.ro\/app\/wp-json\/wp\/v2\/comments?post=1023"}],"version-history":[{"count":0,"href":"https:\/\/www.newsrecorder.ro\/app\/wp-json\/wp\/v2\/posts\/1023\/revisions"}],"wp:featuredmedia":[{"embeddable":true,"href":"https:\/\/www.newsrecorder.ro\/app\/wp-json\/wp\/v2\/media\/1024"}],"wp:attachment":[{"href":"https:\/\/www.newsrecorder.ro\/app\/wp-json\/wp\/v2\/media?parent=1023"}],"wp:term":[{"taxonomy":"category","embeddable":true,"href":"https:\/\/www.newsrecorder.ro\/app\/wp-json\/wp\/v2\/categories?post=1023"},{"taxonomy":"post_tag","embeddable":true,"href":"https:\/\/www.newsrecorder.ro\/app\/wp-json\/wp\/v2\/tags?post=1023"}],"curies":[{"name":"wp","href":"https:\/\/api.w.org\/{rel}","templated":true}]}}