{"id":1025,"date":"2026-01-31T09:50:47","date_gmt":"2026-01-31T09:50:47","guid":{"rendered":"https:\/\/www.newsrecorder.ro\/app\/2026\/01\/31\/pislaru-dezvaluie-am-platit-din-buzunar-unele-zboruri-externe\/"},"modified":"2026-01-31T09:50:47","modified_gmt":"2026-01-31T09:50:47","slug":"pislaru-dezvaluie-am-platit-din-buzunar-unele-zboruri-externe","status":"publish","type":"post","link":"https:\/\/www.newsrecorder.ro\/app\/2026\/01\/31\/pislaru-dezvaluie-am-platit-din-buzunar-unele-zboruri-externe\/","title":{"rendered":"P\u00eeslaru dezv\u0103luie: \u201eAm pl\u0103tit din buzunar unele zboruri externe!\u201d"},"content":{"rendered":"<p><em>\u201e\u00cencep\u00e2nd de ast\u0103zi, toate cheltuielile legate de deplas\u0103rile externe ale ministrului Investi\u021biilor \u0219i Proiectelor Europene vor fi disponibile public pe site-ul institu\u021biei. Aceasta include nu doar cheltuielile mele, ci \u0219i pe cele ale tuturor mini\u0219trilor din ultimii cinci ani\u201d,<\/em> a declarat ministrul P\u00eeslaru.<\/p>\n<p>P\u00eeslaru a subliniat c\u0103 Ministerul Investi\u021biilor \u0219i Proiectelor Europene (MIPE) este primul din Rom\u00e2nia care adopt\u0103 aceast\u0103 ini\u021biativ\u0103, subliniind c\u0103 \u201erela\u021bia de \u00eencredere\u201d \u00eentre institu\u021bii \u0219i cet\u0103\u021beni poate fi construit\u0103 \u201enumai prin transparen\u021b\u0103\u201d.<\/p>\n<p>Referitor la costurile de deplasare, ministrul a men\u021bionat c\u0103 acestea sunt de \u0219ase ori mai mici \u00een timpul mandatului s\u0103u. P\u00eeslaru a explicat:<\/p>\n<p><em>\u201e\u00cen aproape toate cazurile am optat pentru zboruri economy \u0219i companii low-cost. Am redus la minimum num\u0103rul \u00abdelega\u021biilor\u00bb \u2014 am fost \u00eenso\u021bit doar c\u00e2nd a fost necesar, iar \u00een unele situa\u021bii, mi-am acoperit personal o parte din cheltuielile de zbor\u201d<\/em>, a afirmat el.<\/p>\n<p>Ministrul a ad\u0103ugat c\u0103 informa\u021biile vor putea fi exportate \u00een format deschis (open data) \u0219i vor fi actualizate pe \u00eentreaga durat\u0103 a mandatului s\u0103u.<\/p>\n","protected":false},"excerpt":{"rendered":"<p>\u201e\u00cencep\u00e2nd de ast\u0103zi, toate cheltuielile legate de deplas\u0103rile externe ale ministrului Investi\u021biilor \u0219i Proiectelor Europene vor fi disponibile public pe site-ul institu\u021biei. Aceasta include nu doar cheltuielile mele, ci \u0219i pe cele ale tuturor mini\u0219trilor din ultimii cinci ani\u201d, a declarat ministrul P\u00eeslaru. P\u00eeslaru a subliniat c\u0103 Ministerul Investi\u021biilor \u0219i Proiectelor Europene (MIPE) este primul [&hellip;]<\/p>\n","protected":false},"author":2,"featured_media":1026,"comment_status":"open","ping_status":"open","sticky":false,"template":"","format":"standard","meta":{"jnews-multi-image_gallery":[],"jnews_single_post":[],"jnews_primary_category":[],"jnews_override_counter":[],"footnotes":""},"categories":[42],"tags":[167,779,1843,1846,1844,1845,149,1842],"class_list":["post-1025","post","type-post","status-publish","format-standard","has-post-thumbnail","hentry","category-politica","tag-cheltuieli","tag-costuri","tag-deplasari-externe","tag-low-cost","tag-ministrul-investitiilor","tag-proiecte-europene","tag-romania","tag-transparenta"],"_links":{"self":[{"href":"https:\/\/www.newsrecorder.ro\/app\/wp-json\/wp\/v2\/posts\/1025","targetHints":{"allow":["GET"]}}],"collection":[{"href":"https:\/\/www.newsrecorder.ro\/app\/wp-json\/wp\/v2\/posts"}],"about":[{"href":"https:\/\/www.newsrecorder.ro\/app\/wp-json\/wp\/v2\/types\/post"}],"author":[{"embeddable":true,"href":"https:\/\/www.newsrecorder.ro\/app\/wp-json\/wp\/v2\/users\/2"}],"replies":[{"embeddable":true,"href":"https:\/\/www.newsrecorder.ro\/app\/wp-json\/wp\/v2\/comments?post=1025"}],"version-history":[{"count":0,"href":"https:\/\/www.newsrecorder.ro\/app\/wp-json\/wp\/v2\/posts\/1025\/revisions"}],"wp:featuredmedia":[{"embeddable":true,"href":"https:\/\/www.newsrecorder.ro\/app\/wp-json\/wp\/v2\/media\/1026"}],"wp:attachment":[{"href":"https:\/\/www.newsrecorder.ro\/app\/wp-json\/wp\/v2\/media?parent=1025"}],"wp:term":[{"taxonomy":"category","embeddable":true,"href":"https:\/\/www.newsrecorder.ro\/app\/wp-json\/wp\/v2\/categories?post=1025"},{"taxonomy":"post_tag","embeddable":true,"href":"https:\/\/www.newsrecorder.ro\/app\/wp-json\/wp\/v2\/tags?post=1025"}],"curies":[{"name":"wp","href":"https:\/\/api.w.org\/{rel}","templated":true}]}}