{"id":10272,"date":"2026-03-26T00:13:02","date_gmt":"2026-03-26T00:13:02","guid":{"rendered":"https:\/\/www.newsrecorder.ro\/app\/2026\/03\/26\/mirabela-gradinaru-straluceste-alaturi-de-brigitte-macron-si-olena-zelenska-la-summitul-de-la-casa-alba\/"},"modified":"2026-03-26T00:13:02","modified_gmt":"2026-03-26T00:13:02","slug":"mirabela-gradinaru-straluceste-alaturi-de-brigitte-macron-si-olena-zelenska-la-summitul-de-la-casa-alba","status":"publish","type":"post","link":"https:\/\/www.newsrecorder.ro\/app\/2026\/03\/26\/mirabela-gradinaru-straluceste-alaturi-de-brigitte-macron-si-olena-zelenska-la-summitul-de-la-casa-alba\/","title":{"rendered":"Mirabela Gr\u0103dinaru str\u0103luce\u0219te al\u0103turi de Brigitte Macron \u0219i Olena Zelenska la Summitul de la Casa Alb\u0103!"},"content":{"rendered":"<p>Un eveniment de amploare, desf\u0103\u0219urat pe parcursul a dou\u0103 zile, reune\u0219te reprezentan\u021bi din peste 40 de \u021b\u0103ri, al\u0103turi de lideri din industria tehnologic\u0103, cu scopul de a promova educa\u021bia digital\u0103, siguran\u021ba online a copiilor \u0219i inova\u021bia \u00een educa\u021bie. Acest summit face parte dintr-o nou\u0103 coali\u021bie global\u0103, av\u00e2nd ca obiectiv preg\u0103tirea tinerilor pentru provoc\u0103rile specifice erei digitale.<\/p>\n<p>O fotografie oficial\u0103, publicat\u0103 de Administra\u021bia Preziden\u021bial\u0103, surprinde momentul \u00een care Gr\u0103dinaru se afl\u0103 al\u0103turi de Brigitte Macron, Prima Doamn\u0103 a Fran\u021bei, \u0219i Olena Zelenska, so\u021bia pre\u0219edintelui Ucrainei, \u00een cadrul unei sesiuni informale ce a avut loc la Casa Alb\u0103.<\/p>\n<p>\u00centr-un <a href=\"https:\/\/www.mediafax.ro\/social\/mirabela-gradinaru-discurs-la-summitul-organizat-de-melania-trump-in-sua-astept-cu-nerabdare-sa-colaborez-indeaproape-cu-prima-doamna-melania-trump-si-cu-toti-cei-prezenti-la-aceasta-masa-23709051\">discurs rostit mar\u021bi la summit<\/a>, Gr\u0103dinaru a subliniat importan\u021ba unei colabor\u0103ri integrate \u00eentre educa\u021bie \u0219i tehnologie. De asemenea, a exprimat deschiderea sa pentru a colabora \u00eendeaproape cu Melania Trump \u0219i ceilal\u021bi participan\u021bi, \u00een scopul dezvolt\u0103rii unor proiecte concrete destinate sprijinirii educa\u021biei digitale la nivel mondial.<\/p>\n<p>Evenimentul cuprinde mese rotunde de discu\u021bii, unde reprezentan\u021bi ai \u021b\u0103rilor participante, primele doamne \u0219i exper\u021bi \u00een tehnologie se \u00eent\u00e2lnesc pentru a discuta despre politici publice \u0219i ini\u021biative educa\u021bionale inovatoare, av\u00e2nd ca scop \u00eembun\u0103t\u0103\u021birea educa\u021biei \u00een era digital\u0103.<\/p>\n","protected":false},"excerpt":{"rendered":"<p>Un eveniment de amploare, desf\u0103\u0219urat pe parcursul a dou\u0103 zile, reune\u0219te reprezentan\u021bi din peste 40 de \u021b\u0103ri, al\u0103turi de lideri din industria tehnologic\u0103, cu scopul de a promova educa\u021bia digital\u0103, siguran\u021ba online a copiilor \u0219i inova\u021bia \u00een educa\u021bie. Acest summit face parte dintr-o nou\u0103 coali\u021bie global\u0103, av\u00e2nd ca obiectiv preg\u0103tirea tinerilor pentru provoc\u0103rile specifice erei [&hellip;]<\/p>\n","protected":false},"author":2,"featured_media":10273,"comment_status":"open","ping_status":"open","sticky":false,"template":"","format":"standard","meta":{"jnews-multi-image_gallery":[],"jnews_single_post":[],"jnews_primary_category":[],"jnews_override_counter":[],"footnotes":""},"categories":[42],"tags":[13130,297,8269,1950,13129,13131,7365,4403],"class_list":["post-10272","post","type-post","status-publish","format-standard","has-post-thumbnail","hentry","category-politica","tag-coalitie-globala","tag-colaborare","tag-educatie-digitala","tag-inovatie","tag-lideri-tehnologici","tag-provocari-digitale","tag-siguranta-online","tag-summit"],"_links":{"self":[{"href":"https:\/\/www.newsrecorder.ro\/app\/wp-json\/wp\/v2\/posts\/10272","targetHints":{"allow":["GET"]}}],"collection":[{"href":"https:\/\/www.newsrecorder.ro\/app\/wp-json\/wp\/v2\/posts"}],"about":[{"href":"https:\/\/www.newsrecorder.ro\/app\/wp-json\/wp\/v2\/types\/post"}],"author":[{"embeddable":true,"href":"https:\/\/www.newsrecorder.ro\/app\/wp-json\/wp\/v2\/users\/2"}],"replies":[{"embeddable":true,"href":"https:\/\/www.newsrecorder.ro\/app\/wp-json\/wp\/v2\/comments?post=10272"}],"version-history":[{"count":0,"href":"https:\/\/www.newsrecorder.ro\/app\/wp-json\/wp\/v2\/posts\/10272\/revisions"}],"wp:featuredmedia":[{"embeddable":true,"href":"https:\/\/www.newsrecorder.ro\/app\/wp-json\/wp\/v2\/media\/10273"}],"wp:attachment":[{"href":"https:\/\/www.newsrecorder.ro\/app\/wp-json\/wp\/v2\/media?parent=10272"}],"wp:term":[{"taxonomy":"category","embeddable":true,"href":"https:\/\/www.newsrecorder.ro\/app\/wp-json\/wp\/v2\/categories?post=10272"},{"taxonomy":"post_tag","embeddable":true,"href":"https:\/\/www.newsrecorder.ro\/app\/wp-json\/wp\/v2\/tags?post=10272"}],"curies":[{"name":"wp","href":"https:\/\/api.w.org\/{rel}","templated":true}]}}