{"id":10280,"date":"2026-03-26T00:14:10","date_gmt":"2026-03-26T00:14:10","guid":{"rendered":"https:\/\/www.newsrecorder.ro\/app\/2026\/03\/26\/daniel-baluta-anunta-taxa-urbana-revocata-ajutor-de-600-lei-pentru-carburanti\/"},"modified":"2026-03-26T00:14:10","modified_gmt":"2026-03-26T00:14:10","slug":"daniel-baluta-anunta-taxa-urbana-revocata-ajutor-de-600-lei-pentru-carburanti","status":"publish","type":"post","link":"https:\/\/www.newsrecorder.ro\/app\/2026\/03\/26\/daniel-baluta-anunta-taxa-urbana-revocata-ajutor-de-600-lei-pentru-carburanti\/","title":{"rendered":"Daniel B\u0103lu\u021b\u0103 anun\u021b\u0103: Taxa urban\u0103 revocat\u0103, ajutor de 600 lei pentru carburan\u021bi!"},"content":{"rendered":"<p>Primarul Sectorului 4, Daniel B\u0103lu\u021b\u0103, a f\u0103cut public, miercuri, pe pagina sa oficial\u0103 de Facebook, faptul c\u0103 taxa de dezvoltare urban\u0103 a fost revocat\u0103, aduc\u00e2nd o veste bun\u0103 cet\u0103\u021benilor. Ace\u0219tia vor beneficia de un ajutor financiar de 600 de lei, destinat achizi\u021biei de carburan\u021bi.<\/p>\n<p>Ambele ini\u021biative au fost aprobate \u00een cadrul \u0219edin\u021bei Consiliului Local \u0219i vor intra \u00een vigoare \u00eencep\u00e2nd cu 1 aprilie 2026.<\/p>\n<p>\u00cen cadrul post\u0103rii sale, Daniel B\u0103lu\u021b\u0103 a subliniat c\u0103 aceste m\u0103suri sunt o reac\u021bie la contextul economic dificil cu care se confrunt\u0103 Rom\u00e2nia, marcat de scumpiri \u0219i cre\u0219teri accelerate ale pre\u021burilor.<\/p>\n<p>\u201eCert este c\u0103 oamenii au nevoie de ajutor! Rom\u00e2nia traverseaz\u0103 una dintre cele mai dificile perioade din ultimii ani, iar solidaritatea nu este doar o op\u021biune, ci o responsabilitate. \u00cen acest context, deciziile adoptate ast\u0103zi \u00een Consiliul Local al Sectorului 4 nu sunt \u00eent\u00e2mpl\u0103toare, ci m\u0103suri ferme \u0219i necesare pentru sprijinirea oamenilor \u00een fa\u021ba scumpirilor accelerate care afecteaz\u0103 nivelul de trai,\u201d a declarat edilul.<\/p>\n<p>B\u0103lu\u021b\u0103 a anun\u021bat c\u0103 va oferi detalii suplimentare referitoare la procedura \u0219i condi\u021biile de acordare a acestui suport financiar \u00eentr-o conferin\u021b\u0103 de pres\u0103 programat\u0103 pentru luni, 30 martie.<\/p>\n<p>\u201eCeea ce s-a \u00eent\u00e2mplat ast\u0103zi este un semnal clar, \u0219i anume acela c\u0103 noi nu a\u0219tept\u0103m, ci ac\u021bion\u0103m. Sunt convins c\u0103, dac\u0103 r\u0103m\u00e2nem uni\u021bi, putem s\u0103 dep\u0103\u0219im \u0219i acest moment dificil, a\u0219a cum am demonstrat de fiecare dat\u0103,\u201d a concluzionat primarul.<\/p>\n","protected":false},"excerpt":{"rendered":"<p>Primarul Sectorului 4, Daniel B\u0103lu\u021b\u0103, a f\u0103cut public, miercuri, pe pagina sa oficial\u0103 de Facebook, faptul c\u0103 taxa de dezvoltare urban\u0103 a fost revocat\u0103, aduc\u00e2nd o veste bun\u0103 cet\u0103\u021benilor. Ace\u0219tia vor beneficia de un ajutor financiar de 600 de lei, destinat achizi\u021biei de carburan\u021bi. Ambele ini\u021biative au fost aprobate \u00een cadrul \u0219edin\u021bei Consiliului Local \u0219i [&hellip;]<\/p>\n","protected":false},"author":2,"featured_media":10281,"comment_status":"open","ping_status":"open","sticky":false,"template":"","format":"standard","meta":{"jnews-multi-image_gallery":[],"jnews_single_post":[],"jnews_primary_category":[],"jnews_override_counter":[],"footnotes":""},"categories":[42],"tags":[7314,7475,6727,13141,624,11375,1482,13140],"class_list":["post-10280","post","type-post","status-publish","format-standard","has-post-thumbnail","hentry","category-politica","tag-ajutor-financiar","tag-carburanti","tag-consiliul-local","tag-context-economic","tag-daniel-baluta","tag-sectorul-4","tag-solidaritate","tag-taxa-de-dezvoltare-urbana"],"_links":{"self":[{"href":"https:\/\/www.newsrecorder.ro\/app\/wp-json\/wp\/v2\/posts\/10280","targetHints":{"allow":["GET"]}}],"collection":[{"href":"https:\/\/www.newsrecorder.ro\/app\/wp-json\/wp\/v2\/posts"}],"about":[{"href":"https:\/\/www.newsrecorder.ro\/app\/wp-json\/wp\/v2\/types\/post"}],"author":[{"embeddable":true,"href":"https:\/\/www.newsrecorder.ro\/app\/wp-json\/wp\/v2\/users\/2"}],"replies":[{"embeddable":true,"href":"https:\/\/www.newsrecorder.ro\/app\/wp-json\/wp\/v2\/comments?post=10280"}],"version-history":[{"count":0,"href":"https:\/\/www.newsrecorder.ro\/app\/wp-json\/wp\/v2\/posts\/10280\/revisions"}],"wp:featuredmedia":[{"embeddable":true,"href":"https:\/\/www.newsrecorder.ro\/app\/wp-json\/wp\/v2\/media\/10281"}],"wp:attachment":[{"href":"https:\/\/www.newsrecorder.ro\/app\/wp-json\/wp\/v2\/media?parent=10280"}],"wp:term":[{"taxonomy":"category","embeddable":true,"href":"https:\/\/www.newsrecorder.ro\/app\/wp-json\/wp\/v2\/categories?post=10280"},{"taxonomy":"post_tag","embeddable":true,"href":"https:\/\/www.newsrecorder.ro\/app\/wp-json\/wp\/v2\/tags?post=10280"}],"curies":[{"name":"wp","href":"https:\/\/api.w.org\/{rel}","templated":true}]}}