{"id":10292,"date":"2026-03-26T00:41:02","date_gmt":"2026-03-26T00:41:02","guid":{"rendered":"https:\/\/www.newsrecorder.ro\/app\/2026\/03\/26\/cipru-si-marea-britanie-negocieri-pentru-bazele-militare-in-desfasurare\/"},"modified":"2026-03-26T00:41:02","modified_gmt":"2026-03-26T00:41:02","slug":"cipru-si-marea-britanie-negocieri-pentru-bazele-militare-in-desfasurare","status":"publish","type":"post","link":"https:\/\/www.newsrecorder.ro\/app\/2026\/03\/26\/cipru-si-marea-britanie-negocieri-pentru-bazele-militare-in-desfasurare\/","title":{"rendered":"Cipru \u0219i Marea Britanie: Negocieri pentru bazele militare \u00een desf\u0103\u0219urare!"},"content":{"rendered":"<p>Pre\u0219edintele Ciprului, Nikos Christodoulides, a anun\u021bat miercuri deschiderea discu\u021biilor cu Marea Britanie referitoare la viitorul bazelor militare britanice situate pe insul\u0103, conform unei \u0219tiri publicate de <a href=\"https:\/\/www.reuters.com\/world\/uk\/cyprus-has-opened-discussion-with-uk-over-its-bases-president-says-2026-03-25\/\">Reuters<\/a>.<\/p>\n<p>Decizia de a ini\u021bia aceste negocieri a fost inspirat\u0103 de un atac recent cu drone asupra unei instala\u021bii militare, care a suscitat \u00eengrijor\u0103ri cu privire la implicarea Ciprului \u00een conflictul din Orientul Mijlociu.<\/p>\n<p>Exper\u021bii juridici din Cipru \u0219i-au exprimat de mult timp \u00eengrijor\u0103rile legate de cele dou\u0103 baze britanice, considerate a fi printre cele mai importante puncte de sprijin ale Marii Britanii \u00een afara teritoriului s\u0103u, care au sprijinit opera\u021biuni \u00een regiunea Orientului Mijlociu timp de multe decenii.<\/p>\n<p>Atacul din 2 martie asupra RAF Akrotiri a generat un val de nemul\u021bumire \u00een r\u00e2ndul autorit\u0103\u021bilor cipriote. Acestea au acuzat Marea Britanie c\u0103 nu a oferit clarific\u0103ri publice adecvate cu privire la utilizarea activelor sale \u0219i c\u0103 nu a avertizat locuitorii din apropierea bazei, care num\u0103r\u0103 peste 1.000 de persoane.<\/p>\n<p>\u201eAvem un plan clar despre cum s\u0103 proced\u0103m pas cu pas \u00een ceea ce prive\u0219te toate problemele legate de bazele britanice din Cipru\u201d, a declarat Nikos Christodoulides \u00een fa\u021ba reporterilor.<\/p>\n<p>Conform unui raport al ziarului britanic Daily Telegraph, Nicosia solicit\u0103 noi m\u0103suri de securitate pentru aceste baze, reglementate de tratatul din 1960, care a marcat ob\u021binerea independen\u021bei pentru fosta colonie britanic\u0103.<\/p>\n<p>Pe de alt\u0103 parte, Marea Britanie a subliniat c\u0103 statutul bazelor nu este deschis renegocierii. De-a lungul timpului, au existat ajust\u0103ri ale competen\u021belor acestor baze. De exemplu, \u00een 2014, Cipru \u0219i Marea Britanie au semnat un acord care a relaxat restric\u021biile privind dezvoltarea propriet\u0103\u021bilor private \u00een Zonele de Baz\u0103 Suveran\u0103 (SBA), care acoper\u0103 mai pu\u021bin de trei procente din suprafa\u021ba total\u0103 a Ciprului.<\/p>\n","protected":false},"excerpt":{"rendered":"<p>Pre\u0219edintele Ciprului, Nikos Christodoulides, a anun\u021bat miercuri deschiderea discu\u021biilor cu Marea Britanie referitoare la viitorul bazelor militare britanice situate pe insul\u0103, conform unei \u0219tiri publicate de Reuters. Decizia de a ini\u021bia aceste negocieri a fost inspirat\u0103 de un atac recent cu drone asupra unei instala\u021bii militare, care a suscitat \u00eengrijor\u0103ri cu privire la implicarea Ciprului [&hellip;]<\/p>\n","protected":false},"author":2,"featured_media":10293,"comment_status":"open","ping_status":"open","sticky":false,"template":"","format":"standard","meta":{"jnews-multi-image_gallery":[],"jnews_single_post":[],"jnews_primary_category":[],"jnews_override_counter":[],"footnotes":""},"categories":[41],"tags":[5171,9377,9049,898,686,2211,13151,874],"class_list":["post-10292","post","type-post","status-publish","format-standard","has-post-thumbnail","hentry","category-externe","tag-atac-cu-drone","tag-baze-militare","tag-cipru","tag-marea-britanie","tag-negocieri","tag-orientul-mijlociu","tag-raf-akrotiri","tag-securitate"],"_links":{"self":[{"href":"https:\/\/www.newsrecorder.ro\/app\/wp-json\/wp\/v2\/posts\/10292","targetHints":{"allow":["GET"]}}],"collection":[{"href":"https:\/\/www.newsrecorder.ro\/app\/wp-json\/wp\/v2\/posts"}],"about":[{"href":"https:\/\/www.newsrecorder.ro\/app\/wp-json\/wp\/v2\/types\/post"}],"author":[{"embeddable":true,"href":"https:\/\/www.newsrecorder.ro\/app\/wp-json\/wp\/v2\/users\/2"}],"replies":[{"embeddable":true,"href":"https:\/\/www.newsrecorder.ro\/app\/wp-json\/wp\/v2\/comments?post=10292"}],"version-history":[{"count":0,"href":"https:\/\/www.newsrecorder.ro\/app\/wp-json\/wp\/v2\/posts\/10292\/revisions"}],"wp:featuredmedia":[{"embeddable":true,"href":"https:\/\/www.newsrecorder.ro\/app\/wp-json\/wp\/v2\/media\/10293"}],"wp:attachment":[{"href":"https:\/\/www.newsrecorder.ro\/app\/wp-json\/wp\/v2\/media?parent=10292"}],"wp:term":[{"taxonomy":"category","embeddable":true,"href":"https:\/\/www.newsrecorder.ro\/app\/wp-json\/wp\/v2\/categories?post=10292"},{"taxonomy":"post_tag","embeddable":true,"href":"https:\/\/www.newsrecorder.ro\/app\/wp-json\/wp\/v2\/tags?post=10292"}],"curies":[{"name":"wp","href":"https:\/\/api.w.org\/{rel}","templated":true}]}}