{"id":10300,"date":"2026-03-26T00:42:40","date_gmt":"2026-03-26T00:42:40","guid":{"rendered":"https:\/\/www.newsrecorder.ro\/app\/2026\/03\/26\/romania-redirectioneaza-28-miliarde-euro-din-fonduri-ue-prioritati-noi\/"},"modified":"2026-03-26T00:42:40","modified_gmt":"2026-03-26T00:42:40","slug":"romania-redirectioneaza-28-miliarde-euro-din-fonduri-ue-prioritati-noi","status":"publish","type":"post","link":"https:\/\/www.newsrecorder.ro\/app\/2026\/03\/26\/romania-redirectioneaza-28-miliarde-euro-din-fonduri-ue-prioritati-noi\/","title":{"rendered":"Rom\u00e2nia redirec\u021bioneaz\u0103 2,8 miliarde euro din fonduri UE: priorit\u0103\u021bi noi!"},"content":{"rendered":"<p>Roxana M\u00eenzatu, vicepre\u0219edinta Comisiei Europene, a anun\u021bat miercuri, prin intermediul unei post\u0103ri pe Facebook, o realocare semnificativ\u0103 de fonduri europene pentru Rom\u00e2nia. Astfel, \u021bara noastr\u0103 va direc\u021biona peste 2,8 miliarde de euro c\u0103tre patru din cele cinci noi priorit\u0103\u021bi europene, \u00een cadrul revizuirii Politicii de coeziune din bugetul multianual 2021-2027.<\/p>\n<p>Priorit\u0103\u021bile vizate includ: Competitivitate \u0219i tehnologii strategice, Ap\u0103rare \u0219i preg\u0103tire pentru situa\u021bii de criz\u0103, Locuin\u021be \u0219i Infrastructur\u0103 de ap\u0103. M\u00eenzatu a detaliat aloc\u0103rile specifice \u00een postarea sa: 1,53 miliarde euro pentru competitivitate \u0219i tehnologii strategice, 904 milioane euro pentru ap\u0103rare \u0219i preg\u0103tire \u00een situa\u021bii de criz\u0103, 208 milioane euro pentru locuin\u021be \u0219i 200 milioane euro pentru infrastructura de ap\u0103. Aproximativ 456 milioane euro din aceast\u0103 realocare provine din Fondul Social European Plus, gestionat de Comisia European\u0103, a precizat vicepre\u0219edinta.<\/p>\n<p>Referitor la utilizarea acestor fonduri, M\u00eenzatu a oferit detalii suplimentare:<\/p>\n<ul>\n<li>\u00cen domeniul tehnologiilor strategice, fondurile vor fi folosite pentru proiecte de digitalizare, s\u0103n\u0103tate, industrie \u0219i tranzi\u021bie economic\u0103, inclusiv modernizarea agriculturii \u0219i formarea profesional\u0103 \u00een domeniile de viitor.<\/li>\n<li>Pentru dezvoltarea competen\u021belor umane, se va investi \u00een formarea \u00een domenii precum tehnologiile digitale, s\u0103n\u0103tate, securitate cibernetic\u0103, ap\u0103rare \u0219i preg\u0103tire civil\u0103.<\/li>\n<li>\u00cen infrastructura de ap\u0103rare \u0219i pentru situa\u021bii de criz\u0103, fondurile vor sprijini mobilitatea militar\u0103, inclusiv construirea de autostr\u0103zi \u0219i consolidarea capacit\u0103\u021bilor de produc\u021bie \u00een domeniul ap\u0103r\u0103rii.<\/li>\n<li>\u00cen re\u021belele de ap\u0103 \u0219i ap\u0103 uzat\u0103, se va investi \u00een extinderea \u0219i modernizarea infrastructurii esen\u021biale, pentru a asigura accesul comunit\u0103\u021bilor la ap\u0103 potabil\u0103.<\/li>\n<li>\u00cen ceea ce prive\u0219te locuin\u021bele sociale \u0219i accesibile, fondurile vor fi direc\u021bionate c\u0103tre construirea sau dezvoltarea de locuin\u021be prin programe regionale \u0219i prin intermediul Fondului pentru Tranzi\u021bie Just\u0103.<\/li>\n<\/ul>\n<p>\u201e\u00cempreun\u0103 cu Raffele Fitto, vicepre\u0219edintele executiv al Comisiei Europene, am prezentat ast\u0103zi, \u00een cadrul Colegiului Comisarilor \u0219i \u00een conferin\u021ba de pres\u0103 de la sediul Comisiei Europene, rezultatele procesului de revizuire a fondurilor de coeziune pentru perioada 2021-2027. Aproape 34 miliarde euro au fost realoca\u021bi c\u0103tre cinci noi priorit\u0103\u021bi europene cheie, \u00een 25 din cele 27 de state membre ale UE. Rom\u00e2nia se afl\u0103 printre statele care au alocat cele mai mari sume pentru aceste noi nevoi strategice, ocup\u00e2nd locul patru \u00een topul aloc\u0103rilor, dup\u0103 Polonia (8,054 miliarde euro), Italia (7,058 miliarde euro) \u0219i Spania (3,201 miliarde euro), cu o realocare de 2,837 miliarde euro\u201d, a ad\u0103ugat M\u00eenzatu.<\/p>\n<p>Vicepre\u0219edinta Comisiei Europene a subliniat importan\u021ba acestei realoc\u0103ri, afirm\u00e2nd c\u0103 \u201epolitica de coeziune a UE r\u0103m\u00e2ne extrem de relevant\u0103 pentru a r\u0103spunde noilor priorit\u0103\u021bi europene, p\u0103str\u00e2nd \u00een acela\u0219i timp obiectivul s\u0103u fundamental: reducerea decalajelor de dezvoltare \u00eentre regiuni \u0219i state membre\u201d.<\/p>\n","protected":false},"excerpt":{"rendered":"<p>Roxana M\u00eenzatu, vicepre\u0219edinta Comisiei Europene, a anun\u021bat miercuri, prin intermediul unei post\u0103ri pe Facebook, o realocare semnificativ\u0103 de fonduri europene pentru Rom\u00e2nia. Astfel, \u021bara noastr\u0103 va direc\u021biona peste 2,8 miliarde de euro c\u0103tre patru din cele cinci noi priorit\u0103\u021bi europene, \u00een cadrul revizuirii Politicii de coeziune din bugetul multianual 2021-2027. Priorit\u0103\u021bile vizate includ: Competitivitate \u0219i [&hellip;]<\/p>\n","protected":false},"author":4,"featured_media":10301,"comment_status":"open","ping_status":"open","sticky":false,"template":"","format":"standard","meta":{"jnews-multi-image_gallery":[],"jnews_single_post":[],"jnews_primary_category":[],"jnews_override_counter":[],"footnotes":""},"categories":[40],"tags":[10421,499,513,1766,13162,13161,13160,13163],"class_list":["post-10300","post","type-post","status-publish","format-standard","has-post-thumbnail","hentry","category-econonie","tag-buget-multianual","tag-comisia-europeana","tag-competitivitate","tag-fonduri-europene","tag-infrastructura-de-apa","tag-politica-de-coeziune","tag-roxana-minzatu","tag-situatii-de-criza"],"_links":{"self":[{"href":"https:\/\/www.newsrecorder.ro\/app\/wp-json\/wp\/v2\/posts\/10300","targetHints":{"allow":["GET"]}}],"collection":[{"href":"https:\/\/www.newsrecorder.ro\/app\/wp-json\/wp\/v2\/posts"}],"about":[{"href":"https:\/\/www.newsrecorder.ro\/app\/wp-json\/wp\/v2\/types\/post"}],"author":[{"embeddable":true,"href":"https:\/\/www.newsrecorder.ro\/app\/wp-json\/wp\/v2\/users\/4"}],"replies":[{"embeddable":true,"href":"https:\/\/www.newsrecorder.ro\/app\/wp-json\/wp\/v2\/comments?post=10300"}],"version-history":[{"count":0,"href":"https:\/\/www.newsrecorder.ro\/app\/wp-json\/wp\/v2\/posts\/10300\/revisions"}],"wp:featuredmedia":[{"embeddable":true,"href":"https:\/\/www.newsrecorder.ro\/app\/wp-json\/wp\/v2\/media\/10301"}],"wp:attachment":[{"href":"https:\/\/www.newsrecorder.ro\/app\/wp-json\/wp\/v2\/media?parent=10300"}],"wp:term":[{"taxonomy":"category","embeddable":true,"href":"https:\/\/www.newsrecorder.ro\/app\/wp-json\/wp\/v2\/categories?post=10300"},{"taxonomy":"post_tag","embeddable":true,"href":"https:\/\/www.newsrecorder.ro\/app\/wp-json\/wp\/v2\/tags?post=10300"}],"curies":[{"name":"wp","href":"https:\/\/api.w.org\/{rel}","templated":true}]}}