{"id":1031,"date":"2026-01-31T10:06:37","date_gmt":"2026-01-31T10:06:37","guid":{"rendered":"https:\/\/www.newsrecorder.ro\/app\/2026\/01\/31\/sabalenka-vs-rybakina-duel-epic-in-prima-finala-de-grand-slam-2023\/"},"modified":"2026-01-31T10:06:37","modified_gmt":"2026-01-31T10:06:37","slug":"sabalenka-vs-rybakina-duel-epic-in-prima-finala-de-grand-slam-2023","status":"publish","type":"post","link":"https:\/\/www.newsrecorder.ro\/app\/2026\/01\/31\/sabalenka-vs-rybakina-duel-epic-in-prima-finala-de-grand-slam-2023\/","title":{"rendered":"Sabalenka vs. Rybakina: Duel epic \u00een prima final\u0103 de Grand Slam 2023!"},"content":{"rendered":"<p>Aryna Sabalenka a reu\u0219it s\u0103 ajung\u0103 \u00een a patra final\u0103 consecutiv\u0103 a Australian Open, dup\u0103 o victorie conving\u0103toare \u00een semifinale \u00eempotriva Elinei Svitolina. \u00cen marea final\u0103, ea se va confrunta cu Elena Rybakina, cap de serie num\u0103rul 5, care a eliminat-o pe Jessica Pegula pentru a-\u0219i asigura locul \u00een aceast\u0103 etap\u0103 important\u0103 a competi\u021biei.<\/p>\n<p>Indiferent de desf\u0103\u0219urarea meciului, Sabalenka \u00ee\u0219i va p\u0103stra pozi\u021bia de lider \u00een clasamentul WTA, av\u00e2nd \u00een vedere c\u0103 a reu\u0219it s\u0103-\u0219i egaleze performan\u021ba de la Australian Open 2025.<\/p>\n<p>Campioana acestei edi\u021bii va fi recompensat\u0103 cu o sum\u0103 record de aproximativ 2,75 milioane de dolari americani, \u00een timp ce finalista va primi un cec \u00een valoare de 1,44 milioane de dolari americani, conform informa\u021biilor disponibile pe <a style=\"color: #0000ff\" href=\"https:\/\/www.wtatennis.com\/news\/4440002\/australian-open-final-2026-aryna-sabalenka-elena-rybakina-everything-to-know-2023-final-rematch\" target=\"_blank\" rel=\"noopener\">wtatennis.com<\/a>.<\/p>\n<p>Elena Rybakina a reu\u0219it recent s\u0103 o \u00eenving\u0103 pe Sabalenka cu 6-3, 7-6(0) \u00een finala WTA Finals Riyadh 2025, aduc\u00e2nd un plus de intensitate \u00een confruntarea lor. Aceast\u0103 final\u0103 nu este doar o simpl\u0103 partid\u0103, ci o revan\u0219\u0103 a finalei din 2023 de la Australian Open, unde Sabalenka a ie\u0219it \u00eenving\u0103toare cu 4-6, 6-3, 6-4.<\/p>\n<p>\u201eNu este u\u0219or s\u0103 joci \u00eempotriva ei, dar avem o istorie grozav\u0103. Este o juc\u0103toare incredibil\u0103. Am avut multe b\u0103t\u0103lii grozave, am jucat multe finale\u201d, a declarat Sabalenka, subliniind respectul pe care \u00eel are pentru adversara sa.<\/p>\n<p>De asemenea, Rybakina a comentat despre meciul anterior dintre cele dou\u0103, afirm\u00e2nd: \u201eUltimul meci pe care l-am jucat aici a fost foarte str\u00e2ns\u201d, eviden\u021biind competitivitatea \u0219i intensitatea confrunt\u0103rilor lor directe.<\/p>\n<p>&nbsp;<\/p>\n","protected":false},"excerpt":{"rendered":"<p>Aryna Sabalenka a reu\u0219it s\u0103 ajung\u0103 \u00een a patra final\u0103 consecutiv\u0103 a Australian Open, dup\u0103 o victorie conving\u0103toare \u00een semifinale \u00eempotriva Elinei Svitolina. \u00cen marea final\u0103, ea se va confrunta cu Elena Rybakina, cap de serie num\u0103rul 5, care a eliminat-o pe Jessica Pegula pentru a-\u0219i asigura locul \u00een aceast\u0103 etap\u0103 important\u0103 a competi\u021biei. Indiferent [&hellip;]<\/p>\n","protected":false},"author":6,"featured_media":1032,"comment_status":"open","ping_status":"open","sticky":false,"template":"","format":"standard","meta":{"jnews-multi-image_gallery":[],"jnews_single_post":[],"jnews_primary_category":[],"jnews_override_counter":[],"footnotes":""},"categories":[46],"tags":[962,66,50,1523,1856,578,1109,847],"class_list":["post-1031","post","type-post","status-publish","format-standard","has-post-thumbnail","hentry","category-sport","tag-aryna-sabalenka","tag-australian-open","tag-clasament","tag-elena-rybakina","tag-finala","tag-premii","tag-semifinale","tag-wta"],"_links":{"self":[{"href":"https:\/\/www.newsrecorder.ro\/app\/wp-json\/wp\/v2\/posts\/1031","targetHints":{"allow":["GET"]}}],"collection":[{"href":"https:\/\/www.newsrecorder.ro\/app\/wp-json\/wp\/v2\/posts"}],"about":[{"href":"https:\/\/www.newsrecorder.ro\/app\/wp-json\/wp\/v2\/types\/post"}],"author":[{"embeddable":true,"href":"https:\/\/www.newsrecorder.ro\/app\/wp-json\/wp\/v2\/users\/6"}],"replies":[{"embeddable":true,"href":"https:\/\/www.newsrecorder.ro\/app\/wp-json\/wp\/v2\/comments?post=1031"}],"version-history":[{"count":0,"href":"https:\/\/www.newsrecorder.ro\/app\/wp-json\/wp\/v2\/posts\/1031\/revisions"}],"wp:featuredmedia":[{"embeddable":true,"href":"https:\/\/www.newsrecorder.ro\/app\/wp-json\/wp\/v2\/media\/1032"}],"wp:attachment":[{"href":"https:\/\/www.newsrecorder.ro\/app\/wp-json\/wp\/v2\/media?parent=1031"}],"wp:term":[{"taxonomy":"category","embeddable":true,"href":"https:\/\/www.newsrecorder.ro\/app\/wp-json\/wp\/v2\/categories?post=1031"},{"taxonomy":"post_tag","embeddable":true,"href":"https:\/\/www.newsrecorder.ro\/app\/wp-json\/wp\/v2\/tags?post=1031"}],"curies":[{"name":"wp","href":"https:\/\/api.w.org\/{rel}","templated":true}]}}