{"id":10336,"date":"2026-03-26T07:27:41","date_gmt":"2026-03-26T07:27:41","guid":{"rendered":"https:\/\/www.newsrecorder.ro\/app\/2026\/03\/26\/pakistanul-mediator-surpriza-intre-iran-si-sua-in-conflictul-din-orientul-mijlociu\/"},"modified":"2026-03-26T07:27:41","modified_gmt":"2026-03-26T07:27:41","slug":"pakistanul-mediator-surpriza-intre-iran-si-sua-in-conflictul-din-orientul-mijlociu","status":"publish","type":"post","link":"https:\/\/www.newsrecorder.ro\/app\/2026\/03\/26\/pakistanul-mediator-surpriza-intre-iran-si-sua-in-conflictul-din-orientul-mijlociu\/","title":{"rendered":"Pakistanul, mediator surpriz\u0103 \u00eentre Iran \u0219i SUA \u00een conflictul din Orientul Mijlociu"},"content":{"rendered":"<p>Pakistanul, al\u0103turi de Turcia, joac\u0103 un rol activ \u00een eforturile diplomatice menite s\u0103 diminueze tensiunile dintre Iran \u0219i Statele Unite. Potrivit unor surse din pres\u0103, Islamabad a transmis Teheranului o propunere venit\u0103 din partea Statelor Unite pentru a \u00eencheia conflictul \u0219i s-a oferit s\u0103 g\u0103zduiasc\u0103 eventuale negocieri, conform unui articol publicat de <a href=\"https:\/\/www.ilpost.it\/2026\/03\/25\/perche-pakistan-mediatore-stati-uniti-iran\/\" target=\"_blank\" rel=\"noopener\">Il Post<\/a>. Aceast\u0103 pozi\u021bie de mediator este facilitat\u0103 de rela\u021biile str\u00e2nse pe care Pakistanul le are cu ambele p\u0103r\u021bi. Iranul percepe Pakistanul ca un interlocutor relativ neutru, \u00eentruc\u00e2t nu g\u0103zduie\u0219te baze militare americane, spre deosebire de multe dintre statele din Golf implicate direct \u00een conflict.<\/p>\n<p>Rela\u021biile Pakistanului cu Iranul sunt ad\u00e2nc \u00eenr\u0103d\u0103cinate \u00een istorie, iar leg\u0103turile cu Statele Unite au fost consolidate \u00een ultimii ani. Un exemplu semnificativ al rolului diplomatic pe care Pakistanul \u00eel joac\u0103 este faptul c\u0103 ambasada sa din Washington g\u0103zduie\u0219te reprezentan\u021ba diplomatic\u0103 a Iranului \u00een SUA \u00eenc\u0103 din 1979, anul \u00een care rela\u021biile directe dintre cele dou\u0103 \u021b\u0103ri au fost \u00eentrerupte ca urmare a revolu\u021biei islamice.<\/p>\n<p>\u00cen acela\u0219i timp, conducerea pakistanez\u0103 s-a str\u0103duit s\u0103 men\u021bin\u0103 un dialog direct cu administra\u021bia american\u0103, incluz\u00e2nd contacte la nivel \u00eenalt \u0219i acorduri economice. \u00cen ultimele s\u0103pt\u0103m\u00e2ni, premierul pakistanez Shehbaz Sharif \u0219i ministrul de Externe Ishaq Dar au purtat zeci de convorbiri cu lideri din Orientul Mijlociu pentru a c\u0103uta solu\u021bii diplomatice la conflict.<\/p>\n<p>Pentru Islamabad, implicarea \u00een procesul de mediere reprezint\u0103 \u0219i o oportunitate de a-\u0219i rec\u0103p\u0103ta influen\u021ba diplomatic\u0103 pe scena interna\u021bional\u0103.<\/p>\n<p>Pe l\u00e2ng\u0103 aspectele diplomatice, Pakistanul are \u0219i motive interne pentru a sprijini o dezescaladare a conflictului. Blocarea Str\u00e2mtorii Ormuz a avut deja un impact negativ asupra economiei \u021b\u0103rii, care depinde \u00een mare m\u0103sur\u0103 de importurile de petrol \u0219i gaze. Tensiunile din Orientul Mijlociu au dus la proteste interne \u0219i au st\u00e2rnit \u00eengrijor\u0103ri legate de stabilitatea regional\u0103. Provincia Belucistan, situat\u0103 la grani\u021ba cu Iranul, se confrunt\u0103 de ani buni cu activit\u0103\u021bile grup\u0103rilor separatiste armate, iar autorit\u0103\u021bile tem c\u0103 aceste grupuri ar putea profita de instabilitatea din regiune.<\/p>\n<p>\u00cen acest context, <a href=\"https:\/\/www.mediafax.ro\/externe\/luptele-dintre-pakistan-si-afganistan-au-fost-reluate-dupa-incheierea-armistitiului-temporar-23710125\" target=\"_blank\" rel=\"noopener\">Islamabadul<\/a> \u00ee\u0219i propune s\u0103 contribuie la reducerea tensiunilor, at\u00e2t pentru a limita efectele economice ale conflictului, c\u00e2t \u0219i pentru a preveni extinderea instabilit\u0103\u021bii \u00een regiune.<\/p>\n","protected":false},"excerpt":{"rendered":"<p>Pakistanul, al\u0103turi de Turcia, joac\u0103 un rol activ \u00een eforturile diplomatice menite s\u0103 diminueze tensiunile dintre Iran \u0219i Statele Unite. Potrivit unor surse din pres\u0103, Islamabad a transmis Teheranului o propunere venit\u0103 din partea Statelor Unite pentru a \u00eencheia conflictul \u0219i s-a oferit s\u0103 g\u0103zduiasc\u0103 eventuale negocieri, conform unui articol publicat de Il Post. Aceast\u0103 [&hellip;]<\/p>\n","protected":false},"author":2,"featured_media":10337,"comment_status":"open","ping_status":"open","sticky":false,"template":"","format":"standard","meta":{"jnews-multi-image_gallery":[],"jnews_single_post":[],"jnews_primary_category":[],"jnews_override_counter":[],"footnotes":""},"categories":[41],"tags":[913,5038,686,10353,2063,680,1357,2412],"class_list":["post-10336","post","type-post","status-publish","format-standard","has-post-thumbnail","hentry","category-externe","tag-iran","tag-mediator","tag-negocieri","tag-pakistan","tag-relatii-diplomatice","tag-statele-unite","tag-tensiuni","tag-turcia"],"_links":{"self":[{"href":"https:\/\/www.newsrecorder.ro\/app\/wp-json\/wp\/v2\/posts\/10336","targetHints":{"allow":["GET"]}}],"collection":[{"href":"https:\/\/www.newsrecorder.ro\/app\/wp-json\/wp\/v2\/posts"}],"about":[{"href":"https:\/\/www.newsrecorder.ro\/app\/wp-json\/wp\/v2\/types\/post"}],"author":[{"embeddable":true,"href":"https:\/\/www.newsrecorder.ro\/app\/wp-json\/wp\/v2\/users\/2"}],"replies":[{"embeddable":true,"href":"https:\/\/www.newsrecorder.ro\/app\/wp-json\/wp\/v2\/comments?post=10336"}],"version-history":[{"count":0,"href":"https:\/\/www.newsrecorder.ro\/app\/wp-json\/wp\/v2\/posts\/10336\/revisions"}],"wp:featuredmedia":[{"embeddable":true,"href":"https:\/\/www.newsrecorder.ro\/app\/wp-json\/wp\/v2\/media\/10337"}],"wp:attachment":[{"href":"https:\/\/www.newsrecorder.ro\/app\/wp-json\/wp\/v2\/media?parent=10336"}],"wp:term":[{"taxonomy":"category","embeddable":true,"href":"https:\/\/www.newsrecorder.ro\/app\/wp-json\/wp\/v2\/categories?post=10336"},{"taxonomy":"post_tag","embeddable":true,"href":"https:\/\/www.newsrecorder.ro\/app\/wp-json\/wp\/v2\/tags?post=10336"}],"curies":[{"name":"wp","href":"https:\/\/api.w.org\/{rel}","templated":true}]}}