{"id":10340,"date":"2026-03-26T07:28:19","date_gmt":"2026-03-26T07:28:19","guid":{"rendered":"https:\/\/www.newsrecorder.ro\/app\/2026\/03\/26\/explozie-spectaculoasa-zguduie-orasul-isfahan-din-iran\/"},"modified":"2026-03-26T07:28:19","modified_gmt":"2026-03-26T07:28:19","slug":"explozie-spectaculoasa-zguduie-orasul-isfahan-din-iran","status":"publish","type":"post","link":"https:\/\/www.newsrecorder.ro\/app\/2026\/03\/26\/explozie-spectaculoasa-zguduie-orasul-isfahan-din-iran\/","title":{"rendered":"Explozie spectaculoas\u0103 zguduie ora\u0219ul Isfahan din Iran!"},"content":{"rendered":"<p>Recent, ziarul pro-reform\u0103 Ham Mihan a publicat informa\u021bii online despre exploziile care au avut loc \u00een apropierea ora\u0219ului Isfahan, conform unei relat\u0103ri a <a href=\"https:\/\/apnews.com\/live\/iran-war-israel-trump-03-25-2026\" target=\"_blank\" rel=\"noopener\">AP<\/a>.<\/p>\n<p>Isfahan, un ora\u0219 strategic, g\u0103zduie\u0219te o baz\u0103 aerian\u0103 important\u0103 a Iranului, precum \u0219i diverse instala\u021bii militare, inclusiv unul dintre siturile nucleare care au fost bombardate de Statele Unite \u00een timpul conflictului de 12 zile dintre Israel \u0219i Iran, care a avut loc \u00een luna iunie.<\/p>\n<p>Agen\u021bia de \u0219tiri semi-oficial\u0103 Fars, asociat\u0103 cu Garda Revolu\u021bionar\u0103 paramilitar\u0103, a anun\u021bat c\u0103 atacurile au vizat \u201edou\u0103 zone reziden\u021biale\u201d, f\u0103r\u0103 a oferi detalii suplimentare. \u00cen acela\u0219i timp, armata israelian\u0103 a declarat c\u0103 a finalizat \u201eun val de atacuri de amploare\u201d \u00een \u00eentreaga Iran, inclusiv \u00een Isfahan.<\/p>\n<p>\u00centr-o alt\u0103 dezvoltare, Statele Unite au anun\u021bat c\u0103 au lovit peste dou\u0103 treimi din <a href=\"https:\/\/www.mediafax.ro\/stirile-zilei\/israelul-se-confrunta-cu-o-lipsa-mare-de-interceptoare-de-rachete-balistice-23703138\" target=\"_blank\" rel=\"noopener\">fabricile de muni\u021bii din Iran<\/a>. Aceasta a fost declara\u021bia f\u0103cut\u0103 de \u0219eful Comandamentului Central al armatei americane.<\/p>\n<p>Amiralul Brad Cooper, din Marina SUA, a transmis aceste informa\u021bii \u00eentr-un videoclip publicat joi diminea\u021b\u0103 de Comandamentul Central. El a afirmat: \u201eAst\u0103zi, am avariat sau distrus peste dou\u0103 treimi din instala\u021biile \u0219i \u0219antierele navale de rachete, drone \u0219i nave ale Iranului \u2013 \u0219i \u00eenc\u0103 nu am terminat. Suntem pe cale s\u0103 elimin\u0103m complet aparatul de produc\u021bie militar\u0103 al Iranului \u00een general.\u201d<\/p>\n<p>Analiz\u00e2nd fotografiile din satelit, Associated Press a observat atacuri israeliene \u0219i americane care au vizat \u0219antiere navale \u0219i instala\u021bii de rachete, de\u0219i aceste imagini au fost am\u00e2nate cu dou\u0103 s\u0103pt\u0103m\u00e2ni de Planet Labs PBC.<\/p>\n<p>P\u00e2n\u0103 \u00een prezent, Iranul nu a confirmat nicio pierdere material\u0103 suferit\u0103 \u00een timpul acestui conflict.<\/p>\n","protected":false},"excerpt":{"rendered":"<p>Recent, ziarul pro-reform\u0103 Ham Mihan a publicat informa\u021bii online despre exploziile care au avut loc \u00een apropierea ora\u0219ului Isfahan, conform unei relat\u0103ri a AP. Isfahan, un ora\u0219 strategic, g\u0103zduie\u0219te o baz\u0103 aerian\u0103 important\u0103 a Iranului, precum \u0219i diverse instala\u021bii militare, inclusiv unul dintre siturile nucleare care au fost bombardate de Statele Unite \u00een timpul conflictului [&hellip;]<\/p>\n","protected":false},"author":2,"featured_media":10341,"comment_status":"open","ping_status":"open","sticky":false,"template":"","format":"standard","meta":{"jnews-multi-image_gallery":[],"jnews_single_post":[],"jnews_primary_category":[],"jnews_override_counter":[],"footnotes":""},"categories":[41],"tags":[1084,8705,2994,3442,913,10087,268,5590],"class_list":["post-10340","post","type-post","status-publish","format-standard","has-post-thumbnail","hentry","category-externe","tag-atacuri","tag-baze-aeriene","tag-conflicte","tag-explozii","tag-iran","tag-isfahan","tag-israel","tag-munitii"],"_links":{"self":[{"href":"https:\/\/www.newsrecorder.ro\/app\/wp-json\/wp\/v2\/posts\/10340","targetHints":{"allow":["GET"]}}],"collection":[{"href":"https:\/\/www.newsrecorder.ro\/app\/wp-json\/wp\/v2\/posts"}],"about":[{"href":"https:\/\/www.newsrecorder.ro\/app\/wp-json\/wp\/v2\/types\/post"}],"author":[{"embeddable":true,"href":"https:\/\/www.newsrecorder.ro\/app\/wp-json\/wp\/v2\/users\/2"}],"replies":[{"embeddable":true,"href":"https:\/\/www.newsrecorder.ro\/app\/wp-json\/wp\/v2\/comments?post=10340"}],"version-history":[{"count":0,"href":"https:\/\/www.newsrecorder.ro\/app\/wp-json\/wp\/v2\/posts\/10340\/revisions"}],"wp:featuredmedia":[{"embeddable":true,"href":"https:\/\/www.newsrecorder.ro\/app\/wp-json\/wp\/v2\/media\/10341"}],"wp:attachment":[{"href":"https:\/\/www.newsrecorder.ro\/app\/wp-json\/wp\/v2\/media?parent=10340"}],"wp:term":[{"taxonomy":"category","embeddable":true,"href":"https:\/\/www.newsrecorder.ro\/app\/wp-json\/wp\/v2\/categories?post=10340"},{"taxonomy":"post_tag","embeddable":true,"href":"https:\/\/www.newsrecorder.ro\/app\/wp-json\/wp\/v2\/tags?post=10340"}],"curies":[{"name":"wp","href":"https:\/\/api.w.org\/{rel}","templated":true}]}}