{"id":10372,"date":"2026-03-26T12:14:19","date_gmt":"2026-03-26T12:14:19","guid":{"rendered":"https:\/\/www.newsrecorder.ro\/app\/2026\/03\/26\/guvernul-da-unda-verde-pentru-doua-mari-proiecte-de-infrastructura\/"},"modified":"2026-03-26T12:14:19","modified_gmt":"2026-03-26T12:14:19","slug":"guvernul-da-unda-verde-pentru-doua-mari-proiecte-de-infrastructura","status":"publish","type":"post","link":"https:\/\/www.newsrecorder.ro\/app\/2026\/03\/26\/guvernul-da-unda-verde-pentru-doua-mari-proiecte-de-infrastructura\/","title":{"rendered":"Guvernul d\u0103 \u201eund\u0103 verde\u201d pentru dou\u0103 mari proiecte de infrastructur\u0103!"},"content":{"rendered":"<p><em>\u201eGuvernul Rom\u00e2niei a adoptat, \u00een \u0219edin\u021ba de ast\u0103zi, mai multe acte normative ini\u021biate de Ministerul Transporturilor \u0219i Infrastructurii, care vizeaz\u0103 dezvoltarea infrastructurii rutiere strategice \u0219i optimizarea administr\u0103rii bunurilor din domeniul public al statului\u201d<\/em>, a declarat joi, pe Facebook, Ministrul Transporturilor, Ciprian \u0218erban.<\/p>\n<p>\u00cen cadrul acestei \u0219edin\u021be, Executivul a dat und\u0103 verde reaprob\u0103rii indicatorilor tehnico-economici pentru proiectul Drumului Expres Petea \u2013 Baia Mare. Proiectul prevede construc\u021bia a 59 km de drum expres, \u00eenso\u021bit de drumuri de leg\u0103tur\u0103 \u0219i multiple noduri rutiere. Costul total al acestui proiect se ridic\u0103 la 5 miliarde lei, finan\u021barea fiind asigurat\u0103 prin fonduri europene. Implementarea proiectului este estimat\u0103 s\u0103 dureze 42 de luni, adic\u0103 aproximativ 3 ani \u0219i 6 luni.<\/p>\n<p>Un alt proiect semnificativ care a ob\u021binut aprobat\u0103 finan\u021barea este Drumul Expres Suceava \u2013 Siret, ce va conecta aceste dou\u0103 ora\u0219e \u0219i va fi integrat \u00een re\u021beaua Central\u0103 Transeuropean\u0103 de Transport (TEN-T Core). Valoarea estimat\u0103 a acestui proiect se ridic\u0103 la 7,4 miliarde lei, iar durata de execu\u021bie este stabilit\u0103 la 24 de luni, adic\u0103 2 ani.<\/p>\n<p>\u00cen plus, Guvernul a aprobat un act normativ ce prevede transferul unor bunuri din domeniul public \u00een domeniul privat al statului. Aceste bunuri sunt aflate \u00een administrarea ministerului \u0219i \u00een concesiunea Companiei Na\u021bionale de C\u0103i Ferate \u201eC.F.R.\u201d \u2013 S.A., av\u00e2nd scopul de a fi scoase din func\u021biune \u0219i valorificate.<\/p>\n<p>M\u0103sura are \u00een vedere active care nu mai sunt utile, cu un grad avansat de uzur\u0103, inclusiv cl\u0103diri ale infrastructurii feroviare care nu mai pot func\u021biona, av\u00e2nd \u00een vedere c\u0103 activitatea de transport a fost suspendat\u0103 \u00een anii anteriori. Conform ministrului, aceste bunuri vor fi scoase din uz pentru a eficientiza gestionarea patrimoniului public \u0219i pentru a reduce costurile de \u00eentre\u021binere.<\/p>\n","protected":false},"excerpt":{"rendered":"<p>\u201eGuvernul Rom\u00e2niei a adoptat, \u00een \u0219edin\u021ba de ast\u0103zi, mai multe acte normative ini\u021biate de Ministerul Transporturilor \u0219i Infrastructurii, care vizeaz\u0103 dezvoltarea infrastructurii rutiere strategice \u0219i optimizarea administr\u0103rii bunurilor din domeniul public al statului\u201d, a declarat joi, pe Facebook, Ministrul Transporturilor, Ciprian \u0218erban. \u00cen cadrul acestei \u0219edin\u021be, Executivul a dat und\u0103 verde reaprob\u0103rii indicatorilor tehnico-economici pentru [&hellip;]<\/p>\n","protected":false},"author":2,"featured_media":10373,"comment_status":"open","ping_status":"open","sticky":false,"template":"","format":"standard","meta":{"jnews-multi-image_gallery":[],"jnews_single_post":[],"jnews_primary_category":[],"jnews_override_counter":[],"footnotes":""},"categories":[42],"tags":[5274,7029,1766,4889,13190,4462,769,4463],"class_list":["post-10372","post","type-post","status-publish","format-standard","has-post-thumbnail","hentry","category-politica","tag-dezvoltare-regionala","tag-drum-expres","tag-fonduri-europene","tag-guvernul-romaniei","tag-indicatori-tehnico-economici","tag-infrastructura-rutiera","tag-ministerul-transporturilor","tag-proiecte-de-infrastructura"],"_links":{"self":[{"href":"https:\/\/www.newsrecorder.ro\/app\/wp-json\/wp\/v2\/posts\/10372","targetHints":{"allow":["GET"]}}],"collection":[{"href":"https:\/\/www.newsrecorder.ro\/app\/wp-json\/wp\/v2\/posts"}],"about":[{"href":"https:\/\/www.newsrecorder.ro\/app\/wp-json\/wp\/v2\/types\/post"}],"author":[{"embeddable":true,"href":"https:\/\/www.newsrecorder.ro\/app\/wp-json\/wp\/v2\/users\/2"}],"replies":[{"embeddable":true,"href":"https:\/\/www.newsrecorder.ro\/app\/wp-json\/wp\/v2\/comments?post=10372"}],"version-history":[{"count":0,"href":"https:\/\/www.newsrecorder.ro\/app\/wp-json\/wp\/v2\/posts\/10372\/revisions"}],"wp:featuredmedia":[{"embeddable":true,"href":"https:\/\/www.newsrecorder.ro\/app\/wp-json\/wp\/v2\/media\/10373"}],"wp:attachment":[{"href":"https:\/\/www.newsrecorder.ro\/app\/wp-json\/wp\/v2\/media?parent=10372"}],"wp:term":[{"taxonomy":"category","embeddable":true,"href":"https:\/\/www.newsrecorder.ro\/app\/wp-json\/wp\/v2\/categories?post=10372"},{"taxonomy":"post_tag","embeddable":true,"href":"https:\/\/www.newsrecorder.ro\/app\/wp-json\/wp\/v2\/tags?post=10372"}],"curies":[{"name":"wp","href":"https:\/\/api.w.org\/{rel}","templated":true}]}}