{"id":10374,"date":"2026-03-26T12:14:38","date_gmt":"2026-03-26T12:14:38","guid":{"rendered":"https:\/\/www.newsrecorder.ro\/app\/2026\/03\/26\/aur-dezvaluie-nu-avem-aliante-cu-psd-sau-pnl\/"},"modified":"2026-03-26T12:14:38","modified_gmt":"2026-03-26T12:14:38","slug":"aur-dezvaluie-nu-avem-aliante-cu-psd-sau-pnl","status":"publish","type":"post","link":"https:\/\/www.newsrecorder.ro\/app\/2026\/03\/26\/aur-dezvaluie-nu-avem-aliante-cu-psd-sau-pnl\/","title":{"rendered":"AUR dezv\u0103luie: Nu avem alian\u021be cu PSD sau PNL!"},"content":{"rendered":"<p>Reprezentan\u021bii Alian\u021bei pentru Unirea Rom\u00e2nilor (AUR) resping ferm specula\u021biile privind o posibil\u0103 alian\u021b\u0103 cu PSD sau PNL, caracteriz\u00e2ndu-le drept \u201epure inven\u021bii\u201d. Ace\u0219tia afirm\u0103 c\u0103 \u201enu a existat nicio discu\u021bie, nicio negociere, niciun fel de \u00een\u021belegere\u201d \u00eentre p\u0103r\u021bile implicate.<\/p>\n<p>\u00centr-un comunicat emis joi, AUR subliniaz\u0103 c\u0103 aceste zvonuri nu sunt \u00eent\u00e2mpl\u0103toare, ci rezultatul unei situa\u021bii dificile pentru PSD, care este prins \u00eentr-o coali\u021bie din care nu poate ie\u0219i f\u0103r\u0103 a suporta un cost politic semnificativ. \u201eAu r\u0103mas acolo nu pentru c\u0103 doresc, ci pentru c\u0103 nu mai au op\u021biuni. Din aceast\u0103 cauz\u0103, \u00eencearc\u0103 s\u0103 lanseze pe pia\u021b\u0103 diverse scenarii, de la &#8216;alian\u021be&#8217; inexistente p\u00e2n\u0103 la pove\u0219ti despre \u00eent\u00e2lniri \u0219i pacte imaginare, menite s\u0103 creeze confuzie \u0219i s\u0103 deturneze aten\u021bia de la e\u0219ecurile guvern\u0103rii\u201d, se men\u021bioneaz\u0103 \u00een comunicat.<\/p>\n<p>Liderul senatorilor AUR, Petri\u0219or Peiu, a afirmat c\u0103 \u201ePSD \u0219i PNL reprezint\u0103 ast\u0103zi dou\u0103 fe\u021be ale acelea\u0219i guvern\u0103ri. \u00cempreun\u0103, au crescut taxele, au refuzat s\u0103 respecte legea privind indexarea pensiilor \u0219i au exercitat presiuni asupra mamelor, pensionarilor \u0219i mediului privat. Aceste decizii le apar\u021bin \u0219i nu pot fi separate, av\u00e2nd consecin\u021be directe asupra nivelului de trai al rom\u00e2nilor\u201d.<\/p>\n<p>AUR reitereaz\u0103 c\u0103 \u201enu exist\u0103 nicio alternativ\u0103 \u00een interiorul acestei coali\u021bii. Este aceea\u0219i politic\u0103 dus\u0103 p\u00e2n\u0103 la cap\u0103t, de aceia\u0219i oameni, \u00een acelea\u0219i interese\u201d. De asemenea, Alian\u021ba precizeaz\u0103 c\u0103 \u201enu a fost parte din acest mecanism \u0219i nu are nicio inten\u021bie s\u0103 devin\u0103\u201d.<\/p>\n<p>\u00centr-o alt\u0103 not\u0103, pre\u0219edintele PSD, Sorin Grindeanu, a avut o \u00eent\u00e2lnire cu pre\u0219edinta Parlamentului European, Roberta Metsola. Cu acest prilej, Grindeanu a transmis \u00eengrijorarea PSD cu privire la \u201esemnalele tot mai dese de <a href=\"https:\/\/www.mediafax.ro\/politic\/grindeanu-urmarim-cu-ingrijorare-semnalele-tot-mai-dese-de-apropiere-dintre-partidul-premierului-si-george-simion-23710313\" target=\"_blank\" rel=\"noopener\">apropiere dintre partidul premierului \u0219i liderii forma\u021biunii extremiste conduse de George Simion<\/a>\u201d.<\/p>\n","protected":false},"excerpt":{"rendered":"<p>Reprezentan\u021bii Alian\u021bei pentru Unirea Rom\u00e2nilor (AUR) resping ferm specula\u021biile privind o posibil\u0103 alian\u021b\u0103 cu PSD sau PNL, caracteriz\u00e2ndu-le drept \u201epure inven\u021bii\u201d. Ace\u0219tia afirm\u0103 c\u0103 \u201enu a existat nicio discu\u021bie, nicio negociere, niciun fel de \u00een\u021belegere\u201d \u00eentre p\u0103r\u021bile implicate. \u00centr-un comunicat emis joi, AUR subliniaz\u0103 c\u0103 aceste zvonuri nu sunt \u00eent\u00e2mpl\u0103toare, ci rezultatul unei situa\u021bii dificile [&hellip;]<\/p>\n","protected":false},"author":2,"featured_media":10375,"comment_status":"open","ping_status":"open","sticky":false,"template":"","format":"standard","meta":{"jnews-multi-image_gallery":[],"jnews_single_post":[],"jnews_primary_category":[],"jnews_override_counter":[],"footnotes":""},"categories":[42],"tags":[4946,1916,636,485,627,269,300,630],"class_list":["post-10374","post","type-post","status-publish","format-standard","has-post-thumbnail","hentry","category-politica","tag-alianta","tag-aur","tag-coalitie","tag-negociere","tag-pnl","tag-politica","tag-psd","tag-speculatii"],"_links":{"self":[{"href":"https:\/\/www.newsrecorder.ro\/app\/wp-json\/wp\/v2\/posts\/10374","targetHints":{"allow":["GET"]}}],"collection":[{"href":"https:\/\/www.newsrecorder.ro\/app\/wp-json\/wp\/v2\/posts"}],"about":[{"href":"https:\/\/www.newsrecorder.ro\/app\/wp-json\/wp\/v2\/types\/post"}],"author":[{"embeddable":true,"href":"https:\/\/www.newsrecorder.ro\/app\/wp-json\/wp\/v2\/users\/2"}],"replies":[{"embeddable":true,"href":"https:\/\/www.newsrecorder.ro\/app\/wp-json\/wp\/v2\/comments?post=10374"}],"version-history":[{"count":0,"href":"https:\/\/www.newsrecorder.ro\/app\/wp-json\/wp\/v2\/posts\/10374\/revisions"}],"wp:featuredmedia":[{"embeddable":true,"href":"https:\/\/www.newsrecorder.ro\/app\/wp-json\/wp\/v2\/media\/10375"}],"wp:attachment":[{"href":"https:\/\/www.newsrecorder.ro\/app\/wp-json\/wp\/v2\/media?parent=10374"}],"wp:term":[{"taxonomy":"category","embeddable":true,"href":"https:\/\/www.newsrecorder.ro\/app\/wp-json\/wp\/v2\/categories?post=10374"},{"taxonomy":"post_tag","embeddable":true,"href":"https:\/\/www.newsrecorder.ro\/app\/wp-json\/wp\/v2\/tags?post=10374"}],"curies":[{"name":"wp","href":"https:\/\/api.w.org\/{rel}","templated":true}]}}