{"id":10378,"date":"2026-03-26T12:15:46","date_gmt":"2026-03-26T12:15:46","guid":{"rendered":"https:\/\/www.newsrecorder.ro\/app\/2026\/03\/26\/primaria-capitalei-anunta-reduceri-de-30-din-posturi-si-comasari\/"},"modified":"2026-03-26T12:15:46","modified_gmt":"2026-03-26T12:15:46","slug":"primaria-capitalei-anunta-reduceri-de-30-din-posturi-si-comasari","status":"publish","type":"post","link":"https:\/\/www.newsrecorder.ro\/app\/2026\/03\/26\/primaria-capitalei-anunta-reduceri-de-30-din-posturi-si-comasari\/","title":{"rendered":"\u201ePrim\u0103ria Capitalei anun\u021b\u0103 reduceri de 30% din posturi \u0219i comas\u0103ri!\u201d"},"content":{"rendered":"<p>Primarul Capitalei, <a href=\"https:\/\/www.mediafax.ro\/politic\/ciprian-ciucu-discutii-cu-vlad-popescu-piedone-despre-proiectele-din-sectorul-5-vreau-sa-vedem-unde-aveti-blocaje-sa-le-deblocam-si-sa-avem-o-discutie-constructiva-23709012\">Ciprian Ciucu<\/a>, a anun\u021bat joi un plan amplu de reorganizare la Prim\u0103ria Municipiului Bucure\u0219ti, care prevede o reducere de aproximativ 30% a posturilor \u0219i comasarea mai multor institu\u021bii publice, inclusiv cele din domeniul cultural.<\/p>\n<p>Termenul limit\u0103 pentru implementarea acestor m\u0103suri este 12 aprilie.<\/p>\n<p>\u201eSuntem obliga\u021bi s\u0103 t\u0103iem 30% din posturi\u201d<\/p>\n<p>Primarul a explicat c\u0103 aceast\u0103 m\u0103sur\u0103 este impus\u0103 de lege, subliniind c\u0103 nerespectarea ei ar putea conduce la pierderea finan\u021b\u0103rii din bugetul de stat. \u201eSuntem obliga\u021bi s\u0103 reducem aproximativ 30% din posturi, dintre care 20% sunt deja ocupate. Dac\u0103 nu am face acest lucru, Prim\u0103ria nu ar mai putea primi cotele de la Guvern\u201d, a declarat Ciprian Ciucu. Astfel, aproximativ 170 de angaja\u021bi din aparatul central al Prim\u0103riei vor fi afecta\u021bi de aceast\u0103 reorganizare.<\/p>\n<p>Cei care vor r\u0103m\u00e2ne \u00een func\u021bii vor fi nevoi\u021bi s\u0103 participe la concursuri pentru a-\u0219i p\u0103stra locurile de munc\u0103.<\/p>\n<p><strong>Comasarea institu\u021biilor este obligatorie prin lege<\/strong><\/p>\n<p>Reorganizarea este, de asemenea, dictat\u0103 de aplicarea Legii 296\/2023, care prevede o reducere de 10% a posturilor \u0219i comasarea institu\u021biilor publice de dimensiuni mici. Ciprian Ciucu a subliniat c\u0103 aceast\u0103 lege nu a fost pus\u0103 \u00een aplicare p\u00e2n\u0103 \u00een prezent la nivelul Prim\u0103riei Capitalei, dar c\u0103 acum implementarea ei devine o obliga\u021bie.<\/p>\n<p><strong>Comas\u0103ri masive \u0219i \u00een zona cultural\u0103: \u201eNu exist\u0103 coeren\u021b\u0103\u201d<\/strong><\/p>\n<p>Un aspect esen\u021bial al reorganiz\u0103rii se concentreaz\u0103 pe institu\u021biile culturale. \u00cen acest sens, \u0219apte entit\u0103\u021bi culturale vor fi unificate \u00eentr-o singur\u0103 structur\u0103: CREART, ARCUB, PROEDUS, Centrul Cultural Lumina, Centrul Cultural Expo Arte, Centrul pentru Tineret \u0219i \u0218coala de Arte. Noua entitate va prelua activit\u0103\u021bile acestor institu\u021bii, iar unele dintre ele vor deveni direc\u021bii interne.<\/p>\n<p>\u201eExist\u0103 foarte multe institu\u021bii care desf\u0103\u0219oar\u0103 activit\u0103\u021bi similare. Nu exist\u0103 coeren\u021b\u0103, iar unele programe nu sunt nici m\u0103car cunoscute de public\u201d, a explicat primarul.<\/p>\n<p><strong>Programele cu impact vor fi p\u0103strate<\/strong><\/p>\n<p>Ciucu a asigurat c\u0103 programele culturale cu un impact semnificativ vor continua, men\u021bion\u00e2nd evenimentele organizate de ARCUB \u0219i t\u00e2rgul de Cr\u0103ciun organizat de CREART ca exemple de succes. \u00cen contrast, activit\u0103\u021bile care nu au un impact clar sau care nu au vizibilitate vor fi eliminate sau reorganizate. De asemenea, primarul a criticat lipsa unei componente sociale \u00een unele programe, \u00een special \u00een cazul PROEDUS, unde subliniaz\u0103 c\u0103 prioritatea ar trebui s\u0103 fie oferirea de sprijin copiilor din medii defavorizate.<\/p>\n<p><strong>\u201e155 de posturi, dup\u0103 reorganizare\u201d<\/strong><\/p>\n<p>Actualmente, cele \u0219apte institu\u021bii culturale au \u00een total 267 de posturi, iar dup\u0103 reorganizare vor r\u0103m\u00e2ne 155. Ciprian Ciucu a subliniat c\u0103 scopul principal este reducerea costurilor \u0219i eliminarea suprapunerilor, inclusiv prin utilizarea spa\u021biilor disponibile ale Prim\u0103riei, \u00een locul celor \u00eenchiriate.<\/p>\n<p>Reorganizarea va viza trei seturi de institu\u021bii: aparatul central al Prim\u0103riei, institu\u021biile de cultur\u0103 \u0219i alte institu\u021bii publice, care sunt \u00een curs de analiz\u0103 pentru comasare. \u201eIdeea este s\u0103 avem programe culturale cu adev\u0103rat relevante, dar la costuri acceptabile\u201d, a concluzionat primarul.<\/p>\n","protected":false},"excerpt":{"rendered":"<p>Primarul Capitalei, Ciprian Ciucu, a anun\u021bat joi un plan amplu de reorganizare la Prim\u0103ria Municipiului Bucure\u0219ti, care prevede o reducere de aproximativ 30% a posturilor \u0219i comasarea mai multor institu\u021bii publice, inclusiv cele din domeniul cultural. Termenul limit\u0103 pentru implementarea acestor m\u0103suri este 12 aprilie. \u201eSuntem obliga\u021bi s\u0103 t\u0103iem 30% din posturi\u201d Primarul a explicat [&hellip;]<\/p>\n","protected":false},"author":2,"featured_media":10379,"comment_status":"open","ping_status":"open","sticky":false,"template":"","format":"standard","meta":{"jnews-multi-image_gallery":[],"jnews_single_post":[],"jnews_primary_category":[],"jnews_override_counter":[],"footnotes":""},"categories":[42],"tags":[1320,3761,1044,5261,4252,1054,13275,480],"class_list":["post-10378","post","type-post","status-publish","format-standard","has-post-thumbnail","hentry","category-politica","tag-angajati","tag-buget-de-stat","tag-ciprian-ciucu","tag-concursuri","tag-institutii-publice","tag-primaria-bucuresti","tag-reducere-posturi","tag-reorganizare"],"_links":{"self":[{"href":"https:\/\/www.newsrecorder.ro\/app\/wp-json\/wp\/v2\/posts\/10378","targetHints":{"allow":["GET"]}}],"collection":[{"href":"https:\/\/www.newsrecorder.ro\/app\/wp-json\/wp\/v2\/posts"}],"about":[{"href":"https:\/\/www.newsrecorder.ro\/app\/wp-json\/wp\/v2\/types\/post"}],"author":[{"embeddable":true,"href":"https:\/\/www.newsrecorder.ro\/app\/wp-json\/wp\/v2\/users\/2"}],"replies":[{"embeddable":true,"href":"https:\/\/www.newsrecorder.ro\/app\/wp-json\/wp\/v2\/comments?post=10378"}],"version-history":[{"count":0,"href":"https:\/\/www.newsrecorder.ro\/app\/wp-json\/wp\/v2\/posts\/10378\/revisions"}],"wp:featuredmedia":[{"embeddable":true,"href":"https:\/\/www.newsrecorder.ro\/app\/wp-json\/wp\/v2\/media\/10379"}],"wp:attachment":[{"href":"https:\/\/www.newsrecorder.ro\/app\/wp-json\/wp\/v2\/media?parent=10378"}],"wp:term":[{"taxonomy":"category","embeddable":true,"href":"https:\/\/www.newsrecorder.ro\/app\/wp-json\/wp\/v2\/categories?post=10378"},{"taxonomy":"post_tag","embeddable":true,"href":"https:\/\/www.newsrecorder.ro\/app\/wp-json\/wp\/v2\/tags?post=10378"}],"curies":[{"name":"wp","href":"https:\/\/api.w.org\/{rel}","templated":true}]}}