{"id":10384,"date":"2026-03-26T12:16:40","date_gmt":"2026-03-26T12:16:40","guid":{"rendered":"https:\/\/www.newsrecorder.ro\/app\/2026\/03\/26\/sorin-grindeanu-intre-ghicitori-ramane-psd-la-guvernare\/"},"modified":"2026-03-26T12:16:40","modified_gmt":"2026-03-26T12:16:40","slug":"sorin-grindeanu-intre-ghicitori-ramane-psd-la-guvernare","status":"publish","type":"post","link":"https:\/\/www.newsrecorder.ro\/app\/2026\/03\/26\/sorin-grindeanu-intre-ghicitori-ramane-psd-la-guvernare\/","title":{"rendered":"Sorin Grindeanu, \u00eentre ghicitori: R\u0103m\u00e2ne PSD la guvernare?"},"content":{"rendered":"<p>Senatorul USR, \u0218tefan P\u0103l\u0103rie, a lansat o declara\u021bie ironic\u0103 la RFI, suger\u00e2nd c\u0103 \u201emai r\u0103m\u00e2ne s\u0103-l vedem pe Sorin Grindeanu citind diminea\u021ba \u00een za\u021bul de cafea, dac\u0103 PSD va continua s\u0103 r\u0103m\u00e2n\u0103 la guvernare\u201d. Aceast\u0103 observa\u021bie subliniaz\u0103, \u00een opinia sa, crizele artificiale pe care le-ar crea social-democra\u021bii.<\/p>\n<p>P\u0103l\u0103rie a \u00eendemnat PSD s\u0103 manifeste responsabilitate \u0219i s\u0103 evite ruperea coali\u021biei dup\u0103 consultarea intern\u0103 programat\u0103 pentru 20 aprilie. De asemenea, el a criticat referendumul ini\u021biat de PSD cu privire la men\u021binerea \u00een coali\u021bie.<\/p>\n<p>\u201ePSD genereaz\u0103 \u0219i \u00eentre\u021bine crize artificiale, care creeaz\u0103 o percep\u021bie public\u0103 c\u0103 Guvernul, din care, culmea, PSD face parte, nu reu\u0219e\u0219te s\u0103 gestioneze situa\u021biile sau nu adopt\u0103 cele mai bune m\u0103suri. Aceast\u0103 situa\u021bie este de ne\u00een\u021beles pentru mine. Calculul politic din spatele acestor ac\u021biuni este profund gre\u0219it \u0219i nu le aduce niciun beneficiu electoral\u201d, a afirmat senatorul USR.<\/p>\n<p>\u00cen opinia sa, social-democra\u021bii \u201ecreaz\u0103 sau, dac\u0103 nu exist\u0103, imagineaz\u0103 tot felul de probleme \u00een societatea rom\u00e2neasc\u0103, pe care ulterior le \u00eentre\u021bin, pentru a sus\u021bine c\u0103 Guvernul din care fac parte nu le poate rezolva. Este o situa\u021bie demn\u0103 de Cascadorii R\u00e2sului, p\u00e2n\u0103 la urm\u0103\u201d, a ad\u0103ugat P\u0103l\u0103rie.<\/p>\n<p>Referitor la viitorul coali\u021biei, senatorul a ironizat liderul PSD, afirm\u00e2nd: \u201eI-am v\u0103zut pe cei de la PSD f\u0103c\u00e2nd sondaje interne, dar \u0219i pe Facebook; ne mai lipse\u0219te pu\u021bin \u0219i s\u0103-l vedem pe domnul Grindeanu citind \u00een za\u021bul de cafea pentru a decide dac\u0103 r\u0103m\u00e2n sau nu la guvernare\u201d.<\/p>\n<p>C\u00e2nd a fost \u00eentrebat despre planurile USR \u00een cazul \u00een care PSD va decide s\u0103 nu mai colaboreze cu Uniunea Salva\u021bi Rom\u00e2nia \u00een coali\u021bie, iar Ilie Bolojan va r\u0103m\u00e2ne premier, P\u0103l\u0103rie a r\u0103spuns: \u201eDac\u0103 PSD va ac\u021biona pentru demiterea acestui Guvern condus de premierul Ilie Bolojan, este evident c\u0103 USR nu va sta a doua zi la mas\u0103 cu cei care au dat jos Guvernul, consider\u00e2ndu-i oameni de bun\u0103 credin\u021b\u0103 pentru formarea unui nou parteneriat; acest lucru pur \u0219i simplu nu este posibil\u201d.<\/p>\n","protected":false},"excerpt":{"rendered":"<p>Senatorul USR, \u0218tefan P\u0103l\u0103rie, a lansat o declara\u021bie ironic\u0103 la RFI, suger\u00e2nd c\u0103 \u201emai r\u0103m\u00e2ne s\u0103-l vedem pe Sorin Grindeanu citind diminea\u021ba \u00een za\u021bul de cafea, dac\u0103 PSD va continua s\u0103 r\u0103m\u00e2n\u0103 la guvernare\u201d. Aceast\u0103 observa\u021bie subliniaz\u0103, \u00een opinia sa, crizele artificiale pe care le-ar crea social-democra\u021bii. P\u0103l\u0103rie a \u00eendemnat PSD s\u0103 manifeste responsabilitate \u0219i [&hellip;]<\/p>\n","protected":false},"author":2,"featured_media":10385,"comment_status":"open","ping_status":"open","sticky":false,"template":"","format":"standard","meta":{"jnews-multi-image_gallery":[],"jnews_single_post":[],"jnews_primary_category":[],"jnews_override_counter":[],"footnotes":""},"categories":[42],"tags":[636,13283,526,13284,300,10980,319,13282],"class_list":["post-10384","post","type-post","status-publish","format-standard","has-post-thumbnail","hentry","category-politica","tag-coalitie","tag-crize-artificiale","tag-guvernare","tag-perceptie-publica","tag-psd","tag-referendumul","tag-responsabilitate","tag-stefan-palarie"],"_links":{"self":[{"href":"https:\/\/www.newsrecorder.ro\/app\/wp-json\/wp\/v2\/posts\/10384","targetHints":{"allow":["GET"]}}],"collection":[{"href":"https:\/\/www.newsrecorder.ro\/app\/wp-json\/wp\/v2\/posts"}],"about":[{"href":"https:\/\/www.newsrecorder.ro\/app\/wp-json\/wp\/v2\/types\/post"}],"author":[{"embeddable":true,"href":"https:\/\/www.newsrecorder.ro\/app\/wp-json\/wp\/v2\/users\/2"}],"replies":[{"embeddable":true,"href":"https:\/\/www.newsrecorder.ro\/app\/wp-json\/wp\/v2\/comments?post=10384"}],"version-history":[{"count":0,"href":"https:\/\/www.newsrecorder.ro\/app\/wp-json\/wp\/v2\/posts\/10384\/revisions"}],"wp:featuredmedia":[{"embeddable":true,"href":"https:\/\/www.newsrecorder.ro\/app\/wp-json\/wp\/v2\/media\/10385"}],"wp:attachment":[{"href":"https:\/\/www.newsrecorder.ro\/app\/wp-json\/wp\/v2\/media?parent=10384"}],"wp:term":[{"taxonomy":"category","embeddable":true,"href":"https:\/\/www.newsrecorder.ro\/app\/wp-json\/wp\/v2\/categories?post=10384"},{"taxonomy":"post_tag","embeddable":true,"href":"https:\/\/www.newsrecorder.ro\/app\/wp-json\/wp\/v2\/tags?post=10384"}],"curies":[{"name":"wp","href":"https:\/\/api.w.org\/{rel}","templated":true}]}}