{"id":10386,"date":"2026-03-26T12:16:52","date_gmt":"2026-03-26T12:16:52","guid":{"rendered":"https:\/\/www.newsrecorder.ro\/app\/2026\/03\/26\/bolojan-onoreaza-108-ani-de-unire-cu-coroane-la-manastirea-cernica\/"},"modified":"2026-03-26T12:16:52","modified_gmt":"2026-03-26T12:16:52","slug":"bolojan-onoreaza-108-ani-de-unire-cu-coroane-la-manastirea-cernica","status":"publish","type":"post","link":"https:\/\/www.newsrecorder.ro\/app\/2026\/03\/26\/bolojan-onoreaza-108-ani-de-unire-cu-coroane-la-manastirea-cernica\/","title":{"rendered":"Bolojan onoreaz\u0103 108 ani de Unire cu coroane la M\u0103n\u0103stirea Cernica"},"content":{"rendered":"<p>Pe 27 martie, s\u0103rb\u0103torim 108 ani de la Unirea Basarabiei cu Rom\u00e2nia, un eveniment istoric deosebit care a avut loc la Chi\u0219in\u0103u. Aceast\u0103 unire a reprezentat prima etap\u0103 important\u0103 \u00een procesul de re\u00eentregire a na\u021biunii rom\u00e2ne.<\/p>\n<p>\u00centr-un cadru solemn, la M\u0103n\u0103stirea Cernica, \u00ee\u0219i g\u0103sesc odihna personalit\u0103\u021bi marcante ale Sfatului \u021a\u0103rii, cei care au contribuit decisiv la realizarea acestui act istoric.<\/p>\n<p>\u00cen semn de omagiu, premierul Ilie Bolojan a adus, joi, coroane de flori la mormintele personalit\u0103\u021bilor Gurie Grosu, Pantelimon Halippa, Daniel Ciugureanu \u0219i Ioan Pelivan. Acest gest simbolizeaz\u0103 respectul \u0219i recuno\u0219tin\u021ba fa\u021b\u0103 de sacrificiile lor.<\/p>\n<p>\u201eMul\u021bumesc P\u0103rintelui Arhimandrit Vasile P\u00e2rjol, stare\u021bul M\u0103n\u0103stirii Cernica, \u0219i domnului Mihai M\u00ee\u021bu, ambasadorul Republicii Moldova \u00een Rom\u00e2nia, pentru eforturile depuse \u00een cinstea memoriei acestor \u00eenainta\u0219i. Dumnezeu s\u0103-i odihneasc\u0103 \u00een pace pe martirii \u0219i eroii neamului nostru!\u201d, a declarat premierul Ilie Bolojan.<\/p>\n","protected":false},"excerpt":{"rendered":"<p>Pe 27 martie, s\u0103rb\u0103torim 108 ani de la Unirea Basarabiei cu Rom\u00e2nia, un eveniment istoric deosebit care a avut loc la Chi\u0219in\u0103u. Aceast\u0103 unire a reprezentat prima etap\u0103 important\u0103 \u00een procesul de re\u00eentregire a na\u021biunii rom\u00e2ne. \u00centr-un cadru solemn, la M\u0103n\u0103stirea Cernica, \u00ee\u0219i g\u0103sesc odihna personalit\u0103\u021bi marcante ale Sfatului \u021a\u0103rii, cei care au contribuit decisiv [&hellip;]<\/p>\n","protected":false},"author":2,"featured_media":10387,"comment_status":"open","ping_status":"open","sticky":false,"template":"","format":"standard","meta":{"jnews-multi-image_gallery":[],"jnews_single_post":[],"jnews_primary_category":[],"jnews_override_counter":[],"footnotes":""},"categories":[42],"tags":[873,13286,2076,7575,13287,149,80,13285],"class_list":["post-10386","post","type-post","status-publish","format-standard","has-post-thumbnail","hentry","category-politica","tag-istorie","tag-manastirea-cernica","tag-omagiu","tag-personalitati-marcante","tag-premierul-ilie-bolojan","tag-romania","tag-sacrificii","tag-unirea-basarabiei"],"_links":{"self":[{"href":"https:\/\/www.newsrecorder.ro\/app\/wp-json\/wp\/v2\/posts\/10386","targetHints":{"allow":["GET"]}}],"collection":[{"href":"https:\/\/www.newsrecorder.ro\/app\/wp-json\/wp\/v2\/posts"}],"about":[{"href":"https:\/\/www.newsrecorder.ro\/app\/wp-json\/wp\/v2\/types\/post"}],"author":[{"embeddable":true,"href":"https:\/\/www.newsrecorder.ro\/app\/wp-json\/wp\/v2\/users\/2"}],"replies":[{"embeddable":true,"href":"https:\/\/www.newsrecorder.ro\/app\/wp-json\/wp\/v2\/comments?post=10386"}],"version-history":[{"count":0,"href":"https:\/\/www.newsrecorder.ro\/app\/wp-json\/wp\/v2\/posts\/10386\/revisions"}],"wp:featuredmedia":[{"embeddable":true,"href":"https:\/\/www.newsrecorder.ro\/app\/wp-json\/wp\/v2\/media\/10387"}],"wp:attachment":[{"href":"https:\/\/www.newsrecorder.ro\/app\/wp-json\/wp\/v2\/media?parent=10386"}],"wp:term":[{"taxonomy":"category","embeddable":true,"href":"https:\/\/www.newsrecorder.ro\/app\/wp-json\/wp\/v2\/categories?post=10386"},{"taxonomy":"post_tag","embeddable":true,"href":"https:\/\/www.newsrecorder.ro\/app\/wp-json\/wp\/v2\/tags?post=10386"}],"curies":[{"name":"wp","href":"https:\/\/api.w.org\/{rel}","templated":true}]}}