{"id":10396,"date":"2026-03-26T20:11:33","date_gmt":"2026-03-26T20:11:33","guid":{"rendered":"https:\/\/www.newsrecorder.ro\/app\/2026\/03\/26\/sportivele-transgender-nu-mai-pot-concura-la-jocurile-olimpice-detalii-despre-noua-politica-a-cio\/"},"modified":"2026-03-26T20:11:33","modified_gmt":"2026-03-26T20:11:33","slug":"sportivele-transgender-nu-mai-pot-concura-la-jocurile-olimpice-detalii-despre-noua-politica-a-cio","status":"publish","type":"post","link":"https:\/\/www.newsrecorder.ro\/app\/2026\/03\/26\/sportivele-transgender-nu-mai-pot-concura-la-jocurile-olimpice-detalii-despre-noua-politica-a-cio\/","title":{"rendered":"Sportivele transgender nu mai pot concura la Jocurile Olimpice: detalii despre noua politic\u0103 a CIO"},"content":{"rendered":"<p>Comitetul Olimpic Interna\u021bional (CIO) a anun\u021bat joi o nou\u0103 politic\u0103 referitoare la participarea \u00een competi\u021biile feminine, care exclude sportivele transgender de la Jocurile Olimpice, conform unui raport publicat de <a href=\"https:\/\/edition.cnn.com\/2026\/03\/26\/sport\/olympics-transgender-women-athletes-banned\">CNN<\/a>.<\/p>\n<p>Decizia, care a fost aprobat\u0103, va intra \u00een vigoare \u00eenainte de urm\u0103toarea edi\u021bie a Jocurilor Olimpice, programat\u0103 pentru 2028 la Los Angeles. Conform noilor reglement\u0103ri, accesul la competi\u021biile feminine va fi strict limitat.<\/p>\n<p>\u201eEligibilitatea pentru orice eveniment din categoria feminin\u0103 la Jocurile Olimpice sau la orice alt\u0103 competi\u021bie organizat\u0103 de CIO, fie c\u0103 este vorba despre sporturi individuale sau de echip\u0103, este acum restric\u021bionat\u0103 la femeile biologice\u201d, a declarat Comitetul Olimpic Interna\u021bional, subliniind c\u0103 aceasta se va baza pe un screening genetic SRY unic.<\/p>\n<p>Reprezentan\u021bii CIO afirm\u0103 c\u0103 aceast\u0103 m\u0103sur\u0103 are ca scop asigurarea unui climat de corectitudine \u00een competi\u021bii. \u201ePolitica de eligibilitate care va fi implementat\u0103 la Jocurile Olimpice de la Los Angeles, din iulie 2028, \u00abprotejeaz\u0103 echitatea, siguran\u021ba \u0219i integritatea \u00een categoria feminin\u0103\u00bb\u201d, a ad\u0103ugat institu\u021bia.<\/p>\n<p>Oficialii au specificat c\u0103 noile reguli nu afecteaz\u0103 competi\u021biile anterioare \u0219i nici sportul de mas\u0103, men\u021bion\u00e2nd c\u0103 \u201eaceasta nu are caracter retroactiv \u0219i nu se aplic\u0103 programelor sportive de mas\u0103 sau recreative\u201d.<\/p>\n<p>Decizia a fost luat\u0103 dup\u0103 o analiz\u0103 detaliat\u0103 efectuat\u0103 de CIO, care a optat pentru stabilirea unor reguli unitare, \u00een locul recomand\u0103rilor generale aplicate anterior de comitetele federale sportive.<\/p>\n<p>Noul cadru de reglementare include \u0219i sportivele cu diferen\u021be de dezvoltare sexual\u0103, aduc\u00e2nd \u00een discu\u021bie cazuri precum cel al atletei Caster Semenya.<\/p>\n<p>Documentul emis de CIO detaliaz\u0103 \u0219i motivele \u0219tiin\u021bifice care au stat la baza acestei decizii. \u201eB\u0103rba\u021bii experimenteaz\u0103 trei v\u00e2rfuri semnificative de testosteron: in utero, \u00een mini-pubertatea din copil\u0103rie \u0219i \u00eencep\u00e2nd cu pubertatea adolescentin\u0103 p\u00e2n\u0103 la v\u00e2rsta adult\u0103\u201d, se men\u021bioneaz\u0103 \u00een analiz\u0103.<\/p>\n<p>Conform forului olimpic, aceste diferen\u021be biologice genereaz\u0103 \u201eavantaje individuale de performan\u021b\u0103 bazate pe sex \u00een sporturile \u0219i probele care se bazeaz\u0103 pe for\u021b\u0103, putere \u0219i\/sau rezisten\u021b\u0103\u201d.<\/p>\n<p>Noua politic\u0103 reflect\u0103 o schimbare semnificativ\u0103 \u00een direc\u021bia mi\u0219c\u0103rii olimpice, av\u00e2nd \u00een vedere c\u0103 din ce \u00een ce mai multe sporturi importante au adoptat reguli similare \u00eenainte de Jocurile de la Paris din 2024.<\/p>\n","protected":false},"excerpt":{"rendered":"<p>Comitetul Olimpic Interna\u021bional (CIO) a anun\u021bat joi o nou\u0103 politic\u0103 referitoare la participarea \u00een competi\u021biile feminine, care exclude sportivele transgender de la Jocurile Olimpice, conform unui raport publicat de CNN. Decizia, care a fost aprobat\u0103, va intra \u00een vigoare \u00eenainte de urm\u0103toarea edi\u021bie a Jocurilor Olimpice, programat\u0103 pentru 2028 la Los Angeles. Conform noilor reglement\u0103ri, [&hellip;]<\/p>\n","protected":false},"author":6,"featured_media":10397,"comment_status":"open","ping_status":"open","sticky":false,"template":"","format":"standard","meta":{"jnews-multi-image_gallery":[],"jnews_single_post":[],"jnews_primary_category":[],"jnews_override_counter":[],"footnotes":""},"categories":[46],"tags":[6226,13299,13302,12684,833,2585,13301,13300],"class_list":["post-10396","post","type-post","status-publish","format-standard","has-post-thumbnail","hentry","category-sport","tag-comitetul-olimpic-international","tag-competitii-feminine","tag-corectitudine","tag-eligibilitate","tag-jocurile-olimpice","tag-reglementari","tag-screening-genetic","tag-sportive-transgender"],"_links":{"self":[{"href":"https:\/\/www.newsrecorder.ro\/app\/wp-json\/wp\/v2\/posts\/10396","targetHints":{"allow":["GET"]}}],"collection":[{"href":"https:\/\/www.newsrecorder.ro\/app\/wp-json\/wp\/v2\/posts"}],"about":[{"href":"https:\/\/www.newsrecorder.ro\/app\/wp-json\/wp\/v2\/types\/post"}],"author":[{"embeddable":true,"href":"https:\/\/www.newsrecorder.ro\/app\/wp-json\/wp\/v2\/users\/6"}],"replies":[{"embeddable":true,"href":"https:\/\/www.newsrecorder.ro\/app\/wp-json\/wp\/v2\/comments?post=10396"}],"version-history":[{"count":0,"href":"https:\/\/www.newsrecorder.ro\/app\/wp-json\/wp\/v2\/posts\/10396\/revisions"}],"wp:featuredmedia":[{"embeddable":true,"href":"https:\/\/www.newsrecorder.ro\/app\/wp-json\/wp\/v2\/media\/10397"}],"wp:attachment":[{"href":"https:\/\/www.newsrecorder.ro\/app\/wp-json\/wp\/v2\/media?parent=10396"}],"wp:term":[{"taxonomy":"category","embeddable":true,"href":"https:\/\/www.newsrecorder.ro\/app\/wp-json\/wp\/v2\/categories?post=10396"},{"taxonomy":"post_tag","embeddable":true,"href":"https:\/\/www.newsrecorder.ro\/app\/wp-json\/wp\/v2\/tags?post=10396"}],"curies":[{"name":"wp","href":"https:\/\/api.w.org\/{rel}","templated":true}]}}