{"id":10426,"date":"2026-03-26T21:59:26","date_gmt":"2026-03-26T21:59:26","guid":{"rendered":"https:\/\/www.newsrecorder.ro\/app\/2026\/03\/26\/vreme-capricioasa-in-bucuresti-ploi-si-maxime-de-18-grade-in-martie\/"},"modified":"2026-03-26T21:59:26","modified_gmt":"2026-03-26T21:59:26","slug":"vreme-capricioasa-in-bucuresti-ploi-si-maxime-de-18-grade-in-martie","status":"publish","type":"post","link":"https:\/\/www.newsrecorder.ro\/app\/2026\/03\/26\/vreme-capricioasa-in-bucuresti-ploi-si-maxime-de-18-grade-in-martie\/","title":{"rendered":"Vreme capricioas\u0103 \u00een Bucure\u0219ti: ploi \u0219i maxime de 18 grade \u00een martie!"},"content":{"rendered":"<p>\u00cen noaptea ce se desf\u0103\u0219oar\u0103 \u00eentre 22 \u0219i 23 martie, cerul va fi predominant noros, iar ploile slabe vor face apari\u021bia cu regularitate. V\u00e2ntul va suferi o intensificare moderat\u0103 la \u00eenceput, \u00eens\u0103 va sl\u0103bi pe parcurs. Temperatura minim\u0103 se va men\u021bine \u00een jurul valorii de 5 grade Celsius, conform informa\u021biilor furnizate de <a href=\"https:\/\/www.meteoromania.ro\/avertizari\/\" target=\"_blank\" rel=\"noopener\">ANM<\/a>.<\/p>\n<p>\u00cen ziua de 23 martie \u0219i \u00een urm\u0103toarea noapte, vremea va r\u0103m\u00e2ne \u00eenchis\u0103, caracterizat\u0103 printr-un cer predominant noros \u0219i ploi slabe temporare. V\u00e2ntul va sufla slab p\u00e2n\u0103 la moderat, iar temperaturile se vor \u00eencadra \u00eentre 10 \u0219i 11 grade pe parcursul zilei \u0219i 3 p\u00e2n\u0103 la 5 grade pe timpul nop\u021bii.<\/p>\n<p>\u00cencep\u00e2nd cu 24 martie, se preconizeaz\u0103 o \u00eenc\u0103lzire a vremii, valorile termice urm\u00e2nd s\u0103 dep\u0103\u0219easc\u0103 u\u0219or normalul acestei perioade. Maximele vor atinge \u00eentre 15 \u0219i 17 grade, iar minimele vor varia \u00eentre 4 \u0219i 6 grade. Cerul va fi \u00eennorat temporar, iar v\u00e2ntul va continua s\u0103 fie slab p\u00e2n\u0103 la moderat.<\/p>\n<p>Pe 25 martie, temperaturile se vor men\u021bine la un nivel ridicat pentru aceast\u0103 perioad\u0103. <strong>Cerul va fi predominant noros \u00een prima parte a zilei, urm\u00e2nd s\u0103 devin\u0103 variabil ulterior. Maximele se vor situa \u00eentre 16 \u0219i 17 grade, \u00een timp ce minimele vor sc\u0103dea la valori cuprinse \u00eentre 2 \u0219i 5 grade.<\/strong><\/p>\n<p>\u00cen ziua de 26 martie, vremea se va prezenta \u00een general frumoas\u0103 \u0219i u\u0219or mai cald\u0103. Cerul va avea o variabilitate, cu \u0219anse de \u00eennor\u0103ri \u0219i apari\u021bia ce\u021bii \u00een a doua parte a nop\u021bii. Temperatura maxim\u0103 va atinge aproximativ 18 grade, iar cea minim\u0103 va oscila \u00eentre 3 \u0219i 6 grade.<\/p>\n<p>\u00cen intervalul 27\u201330 martie, <strong>meteorologii prognozeaz\u0103 o r\u0103cire treptat\u0103 a vremii \u00een Capital\u0103. Temperaturile se vor \u00eentoarce la valorile normale pentru aceast\u0103 perioad\u0103, iar ploile vor ap\u0103rea temporar.<\/strong><\/p>\n","protected":false},"excerpt":{"rendered":"<p>\u00cen noaptea ce se desf\u0103\u0219oar\u0103 \u00eentre 22 \u0219i 23 martie, cerul va fi predominant noros, iar ploile slabe vor face apari\u021bia cu regularitate. V\u00e2ntul va suferi o intensificare moderat\u0103 la \u00eenceput, \u00eens\u0103 va sl\u0103bi pe parcurs. Temperatura minim\u0103 se va men\u021bine \u00een jurul valorii de 5 grade Celsius, conform informa\u021biilor furnizate de ANM. \u00cen ziua [&hellip;]<\/p>\n","protected":false},"author":5,"featured_media":10427,"comment_status":"open","ping_status":"open","sticky":false,"template":"","format":"standard","meta":{"jnews-multi-image_gallery":[],"jnews_single_post":[],"jnews_primary_category":[],"jnews_override_counter":[],"footnotes":""},"categories":[45],"tags":[150,5163,13329,12471,132,126,137,125],"class_list":["post-10426","post","type-post","status-publish","format-standard","has-post-thumbnail","hentry","category-meteo","tag-anm","tag-martie","tag-noros","tag-ploi","tag-prognoza","tag-temperaturi","tag-vant","tag-vreme"],"_links":{"self":[{"href":"https:\/\/www.newsrecorder.ro\/app\/wp-json\/wp\/v2\/posts\/10426","targetHints":{"allow":["GET"]}}],"collection":[{"href":"https:\/\/www.newsrecorder.ro\/app\/wp-json\/wp\/v2\/posts"}],"about":[{"href":"https:\/\/www.newsrecorder.ro\/app\/wp-json\/wp\/v2\/types\/post"}],"author":[{"embeddable":true,"href":"https:\/\/www.newsrecorder.ro\/app\/wp-json\/wp\/v2\/users\/5"}],"replies":[{"embeddable":true,"href":"https:\/\/www.newsrecorder.ro\/app\/wp-json\/wp\/v2\/comments?post=10426"}],"version-history":[{"count":0,"href":"https:\/\/www.newsrecorder.ro\/app\/wp-json\/wp\/v2\/posts\/10426\/revisions"}],"wp:featuredmedia":[{"embeddable":true,"href":"https:\/\/www.newsrecorder.ro\/app\/wp-json\/wp\/v2\/media\/10427"}],"wp:attachment":[{"href":"https:\/\/www.newsrecorder.ro\/app\/wp-json\/wp\/v2\/media?parent=10426"}],"wp:term":[{"taxonomy":"category","embeddable":true,"href":"https:\/\/www.newsrecorder.ro\/app\/wp-json\/wp\/v2\/categories?post=10426"},{"taxonomy":"post_tag","embeddable":true,"href":"https:\/\/www.newsrecorder.ro\/app\/wp-json\/wp\/v2\/tags?post=10426"}],"curies":[{"name":"wp","href":"https:\/\/api.w.org\/{rel}","templated":true}]}}