{"id":10432,"date":"2026-03-26T22:00:17","date_gmt":"2026-03-26T22:00:17","guid":{"rendered":"https:\/\/www.newsrecorder.ro\/app\/2026\/03\/26\/centura-verde-a-planetei-se-muta-ce-inseamna-pentru-viitorul-nostru\/"},"modified":"2026-03-26T22:00:17","modified_gmt":"2026-03-26T22:00:17","slug":"centura-verde-a-planetei-se-muta-ce-inseamna-pentru-viitorul-nostru","status":"publish","type":"post","link":"https:\/\/www.newsrecorder.ro\/app\/2026\/03\/26\/centura-verde-a-planetei-se-muta-ce-inseamna-pentru-viitorul-nostru\/","title":{"rendered":"Centura verde a planetei se mut\u0103: ce \u00eenseamn\u0103 pentru viitorul nostru?"},"content":{"rendered":"<p class=\"font-claude-response-body break-words whitespace-normal leading-[1.7]\">Centura verde a P\u0103m\u00e2ntului se refer\u0103 la distribu\u021bia global\u0103 a biomasei vegetale \u0219i la ritmurile sezoniere ale vegeta\u021biei terestre. O echip\u0103 de cercet\u0103tori utilizeaz\u0103 observa\u021bii satelitare \u0219i date din modele climatice pentru a urm\u0103ri mi\u0219c\u0103rile vegeta\u021biei \u00eentre emisfera nordic\u0103 \u0219i cea sudic\u0103, conform unui articol publicat de <a href=\"https:\/\/www.eleconomista.es\/tecnologia\/noticias\/13830724\/03\/26\/cientificos-alertan-de-que-el-cinturon-verde-del-planeta-esta-migrando-hacia-el-noroeste-de-la-tierra.html\" target=\"_blank\" rel=\"noopener\">elEconomista.es<\/a>.<\/p>\n<p class=\"font-claude-response-body break-words whitespace-normal leading-[1.7]\">Cercet\u0103torii au aplicat un sistem inovator care calculeaz\u0103 centrul de mas\u0103 al vegeta\u021biei globale. Din acest punct de referin\u021b\u0103, ei au dezvoltat o busol\u0103 care m\u0103soar\u0103 modul \u0219i viteza cu care se schimb\u0103 aceast\u0103 centur\u0103 verde.<\/p>\n<h2>Biosfera vegeta\u021biei: O mi\u0219care surprinz\u0103toare<\/h2>\n<p class=\"font-claude-response-body break-words whitespace-normal leading-[1.7]\">Studiul a scos la iveal\u0103 un model de mi\u0219care nea\u0219teptat. Pe l\u00e2ng\u0103 avansul clar spre nord, s-a observat \u0219i o deplasare spre est. Cercet\u0103torii coreleaz\u0103 aceast\u0103 mi\u0219care cu \u00eenverzirea unor regiuni precum India, Europa, Rusia \u0219i China. Un factor semnificativ \u00een acest proces este \u201edispari\u021bia progresiv\u0103\u201d a de\u0219ertului Gobi.<\/p>\n<p class=\"font-claude-response-body break-words whitespace-normal leading-[1.7]\">\u201eAm comprimat complexitatea biosferei \u00eentr-o singur\u0103 pulsa\u021bie \u00een mi\u0219care\u201d, a declarat profesorul Gustau Camps-Valls de la Universitatea din Valencia.<\/p>\n<h2>De ce se \u00eent\u00e2mpl\u0103 \u0219i ce \u00eenseamn\u0103 aceast\u0103 schimbare<\/h2>\n<p class=\"font-claude-response-body break-words whitespace-normal leading-[1.7]\">Aceast\u0103 mi\u0219care indic\u0103 o cre\u0219tere general\u0103 a densit\u0103\u021bii vegeta\u021biei la nivel mondial. Printre principalele cauze se num\u0103r\u0103 sezonurile de cre\u0219tere mai lungi \u0219i iernile mai bl\u00e2nde. \u00cen plus, concentra\u021biile crescute de CO2 din atmosfer\u0103 ac\u021bioneaz\u0103 ca un fertilizant, extinz\u00e2nd centura verde spre regiuni care anterior erau mai aride.<\/p>\n<p class=\"font-claude-response-body break-words whitespace-normal leading-[1.7]\">De\u0219i o vegeta\u021bie mai dens\u0103 poate p\u0103rea un aspect pozitiv, cercet\u0103torii subliniaz\u0103 c\u0103 acest dezechilibru al biosferei reflect\u0103 schimb\u0103ri climatice profunde care necesit\u0103 aten\u021bia noastr\u0103.<\/p>\n","protected":false},"excerpt":{"rendered":"<p>Centura verde a P\u0103m\u00e2ntului se refer\u0103 la distribu\u021bia global\u0103 a biomasei vegetale \u0219i la ritmurile sezoniere ale vegeta\u021biei terestre. O echip\u0103 de cercet\u0103tori utilizeaz\u0103 observa\u021bii satelitare \u0219i date din modele climatice pentru a urm\u0103ri mi\u0219c\u0103rile vegeta\u021biei \u00eentre emisfera nordic\u0103 \u0219i cea sudic\u0103, conform unui articol publicat de elEconomista.es. Cercet\u0103torii au aplicat un sistem inovator care [&hellip;]<\/p>\n","protected":false},"author":5,"featured_media":10433,"comment_status":"open","ping_status":"open","sticky":false,"template":"","format":"standard","meta":{"jnews-multi-image_gallery":[],"jnews_single_post":[],"jnews_primary_category":[],"jnews_override_counter":[],"footnotes":""},"categories":[45],"tags":[12120,13055,12119,1465,13056,12125,12124,12932],"class_list":["post-10432","post","type-post","status-publish","format-standard","has-post-thumbnail","hentry","category-meteo","tag-biomasa-vegetala","tag-biosfera","tag-centura-verde","tag-cercetatori","tag-desertul-gobi","tag-modele-climatice","tag-observatii-satelitare","tag-vegetatie-terestra"],"_links":{"self":[{"href":"https:\/\/www.newsrecorder.ro\/app\/wp-json\/wp\/v2\/posts\/10432","targetHints":{"allow":["GET"]}}],"collection":[{"href":"https:\/\/www.newsrecorder.ro\/app\/wp-json\/wp\/v2\/posts"}],"about":[{"href":"https:\/\/www.newsrecorder.ro\/app\/wp-json\/wp\/v2\/types\/post"}],"author":[{"embeddable":true,"href":"https:\/\/www.newsrecorder.ro\/app\/wp-json\/wp\/v2\/users\/5"}],"replies":[{"embeddable":true,"href":"https:\/\/www.newsrecorder.ro\/app\/wp-json\/wp\/v2\/comments?post=10432"}],"version-history":[{"count":0,"href":"https:\/\/www.newsrecorder.ro\/app\/wp-json\/wp\/v2\/posts\/10432\/revisions"}],"wp:featuredmedia":[{"embeddable":true,"href":"https:\/\/www.newsrecorder.ro\/app\/wp-json\/wp\/v2\/media\/10433"}],"wp:attachment":[{"href":"https:\/\/www.newsrecorder.ro\/app\/wp-json\/wp\/v2\/media?parent=10432"}],"wp:term":[{"taxonomy":"category","embeddable":true,"href":"https:\/\/www.newsrecorder.ro\/app\/wp-json\/wp\/v2\/categories?post=10432"},{"taxonomy":"post_tag","embeddable":true,"href":"https:\/\/www.newsrecorder.ro\/app\/wp-json\/wp\/v2\/tags?post=10432"}],"curies":[{"name":"wp","href":"https:\/\/api.w.org\/{rel}","templated":true}]}}