{"id":10434,"date":"2026-03-26T22:00:46","date_gmt":"2026-03-26T22:00:46","guid":{"rendered":"https:\/\/www.newsrecorder.ro\/app\/2026\/03\/26\/vremea-surprinzatoare-din-penultima-saptamana-a-lui-martie\/"},"modified":"2026-03-26T22:00:46","modified_gmt":"2026-03-26T22:00:46","slug":"vremea-surprinzatoare-din-penultima-saptamana-a-lui-martie","status":"publish","type":"post","link":"https:\/\/www.newsrecorder.ro\/app\/2026\/03\/26\/vremea-surprinzatoare-din-penultima-saptamana-a-lui-martie\/","title":{"rendered":"Vremea surprinz\u0103toare din penultima s\u0103pt\u0103m\u00e2n\u0103 a lui martie!"},"content":{"rendered":"<p>\u00cen urm\u0103toarele zile, vremea se va men\u021bine pl\u0103cut\u0103 \u0219i bl\u00e2nd\u0103, cu temperaturi ce se situeaz\u0103 \u00een jurul valorilor normale sau u\u0219or peste acestea, conform prognozei meteorologice emise de ANM pentru perioada 15\u201319 martie.<\/p>\n<p>\u00cen regiunile vestice \u0219i nord-vestice ale \u021b\u0103rii, se estimeaz\u0103 c\u0103 maximele vor atinge 17 grade Celsius, aduc\u00e2nd o senza\u021bie de prim\u0103var\u0103 timpurie.<\/p>\n<p>Pe 15 martie, pe parcursul zilei \u0219i \u00een noaptea urm\u0103toare, vremea va fi mai cald\u0103 dec\u00e2t de obicei \u00een zonele intracarpatice, unde cerul va fi predominant senin.<\/p>\n<p>\u00cen restul \u021b\u0103rii, condi\u021biile meteo vor fi variabile, iar diminea\u021ba \u0219i noaptea se vor semnala nori jo\u0219i sau cea\u021b\u0103 pe alocuri. Temperaturile maxime vor oscila \u00eentre 9 \u0219i 17 grade, iar cele minime vor varia \u00eentre -8 \u0219i 5 grade.<\/p>\n<p>\u00cen perioada 16\u201317 martie, meteorologii se a\u0219teapt\u0103 la valori termice similare, cu cer variabil \u0219i, izolat, cea\u021b\u0103 sau nebulozitate joas\u0103, \u00een special \u00een regiunile din sud-est. La altitudini mari \u00een Carpa\u021bii Meridionali, pot ap\u0103rea precipita\u021bii slabe mixte. Maximele vor ajunge la aproximativ 17 grade \u00een Dealurile de Vest, \u00een timp ce minimele vor sc\u0103dea p\u00e2n\u0103 la -7 grade \u00een depresiunile din estul Transilvaniei.<\/p>\n<p>\u00centre 17 \u0219i 18 martie, temperaturile diurne vor continua s\u0103 fie peste normalul sezonier \u00een vest, nord-vest \u0219i centru, \u00een timp ce \u00een restul \u021b\u0103rii se vor apropia de mediile climatologice. Cerul va fi temporar noros, iar \u00een regiunile vestice \u0219i sud-vestice sunt posibile ploi slabe seara \u0219i \u00een timpul nop\u021bii.<\/p>\n<p>\u00cen intervalul 18\u201319 martie, regimul termic va r\u0103m\u00e2ne constant, cu maxime \u00eentre 9 \u0219i 17 grade \u0219i minime \u00eentre -7 \u0219i 6 grade. \u00cen Moldova, pot ap\u0103rea precipita\u021bii slabe, mixte la c\u00e2mpie \u0219i sub form\u0103 de ninsoare la munte.<\/p>\n<p>\u00cen ceea ce prive\u0219te vremea \u00een Bucure\u0219ti, aceasta va fi stabil\u0103 \u00een urm\u0103toarele zile. Maximele vor varia \u00eentre 11 \u0219i 14 grade, iar minimele vor cobor\u00ee la valori cuprinse \u00eentre -1 \u0219i 3 grade. Cerul va fi variabil, cu nebulozitate joas\u0103 sau cea\u021b\u0103 \u00een special diminea\u021ba \u0219i \u00een a doua parte a nop\u021bilor.<\/p>\n<p>De asemenea, \u00eentre 19 \u0219i 22 martie, meteorologii estimeaz\u0103 c\u0103 temperaturile se vor men\u021bine aproape de valorile normale pentru aceast\u0103 perioad\u0103, iar probabilitatea de precipita\u021bii va fi mai ridicat\u0103 la \u00eenceputul intervalului, \u00een estul \u0219i sud-estul \u021b\u0103rii.<\/p>\n","protected":false},"excerpt":{"rendered":"<p>\u00cen urm\u0103toarele zile, vremea se va men\u021bine pl\u0103cut\u0103 \u0219i bl\u00e2nd\u0103, cu temperaturi ce se situeaz\u0103 \u00een jurul valorilor normale sau u\u0219or peste acestea, conform prognozei meteorologice emise de ANM pentru perioada 15\u201319 martie. \u00cen regiunile vestice \u0219i nord-vestice ale \u021b\u0103rii, se estimeaz\u0103 c\u0103 maximele vor atinge 17 grade Celsius, aduc\u00e2nd o senza\u021bie de prim\u0103var\u0103 timpurie. [&hellip;]<\/p>\n","protected":false},"author":5,"featured_media":10435,"comment_status":"open","ping_status":"open","sticky":false,"template":"","format":"standard","meta":{"jnews-multi-image_gallery":[],"jnews_single_post":[],"jnews_primary_category":[],"jnews_override_counter":[],"footnotes":""},"categories":[45],"tags":[150,131,142,3233,132,13330,126,125],"class_list":["post-10434","post","type-post","status-publish","format-standard","has-post-thumbnail","hentry","category-meteo","tag-anm","tag-ceata","tag-nori","tag-primavara","tag-prognoza","tag-regiunile-nord-vestice","tag-temperaturi","tag-vreme"],"_links":{"self":[{"href":"https:\/\/www.newsrecorder.ro\/app\/wp-json\/wp\/v2\/posts\/10434","targetHints":{"allow":["GET"]}}],"collection":[{"href":"https:\/\/www.newsrecorder.ro\/app\/wp-json\/wp\/v2\/posts"}],"about":[{"href":"https:\/\/www.newsrecorder.ro\/app\/wp-json\/wp\/v2\/types\/post"}],"author":[{"embeddable":true,"href":"https:\/\/www.newsrecorder.ro\/app\/wp-json\/wp\/v2\/users\/5"}],"replies":[{"embeddable":true,"href":"https:\/\/www.newsrecorder.ro\/app\/wp-json\/wp\/v2\/comments?post=10434"}],"version-history":[{"count":0,"href":"https:\/\/www.newsrecorder.ro\/app\/wp-json\/wp\/v2\/posts\/10434\/revisions"}],"wp:featuredmedia":[{"embeddable":true,"href":"https:\/\/www.newsrecorder.ro\/app\/wp-json\/wp\/v2\/media\/10435"}],"wp:attachment":[{"href":"https:\/\/www.newsrecorder.ro\/app\/wp-json\/wp\/v2\/media?parent=10434"}],"wp:term":[{"taxonomy":"category","embeddable":true,"href":"https:\/\/www.newsrecorder.ro\/app\/wp-json\/wp\/v2\/categories?post=10434"},{"taxonomy":"post_tag","embeddable":true,"href":"https:\/\/www.newsrecorder.ro\/app\/wp-json\/wp\/v2\/tags?post=10434"}],"curies":[{"name":"wp","href":"https:\/\/api.w.org\/{rel}","templated":true}]}}