{"id":10454,"date":"2026-03-26T22:14:17","date_gmt":"2026-03-26T22:14:17","guid":{"rendered":"https:\/\/www.newsrecorder.ro\/app\/2026\/03\/26\/primul-trailer-al-serialului-harry-potter-a-sosit-data-premierei-dezvaluita\/"},"modified":"2026-03-26T22:14:17","modified_gmt":"2026-03-26T22:14:17","slug":"primul-trailer-al-serialului-harry-potter-a-sosit-data-premierei-dezvaluita","status":"publish","type":"post","link":"https:\/\/www.newsrecorder.ro\/app\/2026\/03\/26\/primul-trailer-al-serialului-harry-potter-a-sosit-data-premierei-dezvaluita\/","title":{"rendered":"Primul trailer al serialului Harry Potter a sosit! Data premierei dezv\u0103luit\u0103!"},"content":{"rendered":"<p>Dup\u0103 o lung\u0103 perioad\u0103 de a\u0219teptare, HBO a dezv\u0103luit un teaser captivant pentru mult a\u0219teptatul serial \u201eHarry Potter\u201d. Premiera acestui nou proiect va avea loc de Cr\u0103ciun, pe 25 decembrie 2026, conform informa\u021biilor furnizate de <a href=\"https:\/\/www.today.com\/popculture\/tv\/harry-potter-hbo-trailer-release-date-rcna265082\" target=\"_blank\" rel=\"noopener\">Today<\/a>.<\/p>\n<p>Film\u0103rile primului sezon au avut loc \u00een Marea Britanie \u0219i s-au \u00eencheiat recent, iar exper\u021bii din industrie discut\u0103 deja despre acest proiect ca fiind unul dintre cele mai ambi\u021bioase din domeniu.<\/p>\n<p>Pe 24 martie, HBO a publicat o fotografie cu actorul Dominic McLaughlin, care \u00eel interpreteaz\u0103 pe Harry Potter, \u00eembr\u0103cat \u00eentr-o rob\u0103 ro\u0219ie. Teaserul lansat miercuri ofer\u0103 o prim\u0103 privire asupra mai multor personaje esen\u021biale din serial.<\/p>\n<p>Realizatorii promit c\u0103 acest serial va fi o \u201eadaptare fidel\u0103\u201d a c\u0103r\u021bilor scrise de J. K. Rowling, ceea ce le ofer\u0103 fanilor speran\u021ba unei experien\u021be autentice.<\/p>\n<p>Proiectul a fost anun\u021bat oficial \u00een 2023 \u0219i, similar seriei originale de \u0219apte c\u0103r\u021bi, HBO are \u00een plan s\u0103 dezvolte \u0219apte sezoane pentru acest serial TV \u201eHarry Potter\u201d.<\/p>\n","protected":false},"excerpt":{"rendered":"<p>Dup\u0103 o lung\u0103 perioad\u0103 de a\u0219teptare, HBO a dezv\u0103luit un teaser captivant pentru mult a\u0219teptatul serial \u201eHarry Potter\u201d. Premiera acestui nou proiect va avea loc de Cr\u0103ciun, pe 25 decembrie 2026, conform informa\u021biilor furnizate de Today. Film\u0103rile primului sezon au avut loc \u00een Marea Britanie \u0219i s-au \u00eencheiat recent, iar exper\u021bii din industrie discut\u0103 deja [&hellip;]<\/p>\n","protected":false},"author":7,"featured_media":10455,"comment_status":"open","ping_status":"open","sticky":false,"template":"","format":"standard","meta":{"jnews-multi-image_gallery":[],"jnews_single_post":[],"jnews_primary_category":[],"jnews_override_counter":[],"footnotes":""},"categories":[43],"tags":[13066,13064,13063,13067,898,13331,10344,13065],"class_list":["post-10454","post","type-post","status-publish","format-standard","has-post-thumbnail","hentry","category-cultura","tag-adaptare-fidela","tag-harry-potter","tag-hbo","tag-j-k-rowling","tag-marea-britanie","tag-premiera","tag-serial","tag-teaser"],"_links":{"self":[{"href":"https:\/\/www.newsrecorder.ro\/app\/wp-json\/wp\/v2\/posts\/10454","targetHints":{"allow":["GET"]}}],"collection":[{"href":"https:\/\/www.newsrecorder.ro\/app\/wp-json\/wp\/v2\/posts"}],"about":[{"href":"https:\/\/www.newsrecorder.ro\/app\/wp-json\/wp\/v2\/types\/post"}],"author":[{"embeddable":true,"href":"https:\/\/www.newsrecorder.ro\/app\/wp-json\/wp\/v2\/users\/7"}],"replies":[{"embeddable":true,"href":"https:\/\/www.newsrecorder.ro\/app\/wp-json\/wp\/v2\/comments?post=10454"}],"version-history":[{"count":0,"href":"https:\/\/www.newsrecorder.ro\/app\/wp-json\/wp\/v2\/posts\/10454\/revisions"}],"wp:featuredmedia":[{"embeddable":true,"href":"https:\/\/www.newsrecorder.ro\/app\/wp-json\/wp\/v2\/media\/10455"}],"wp:attachment":[{"href":"https:\/\/www.newsrecorder.ro\/app\/wp-json\/wp\/v2\/media?parent=10454"}],"wp:term":[{"taxonomy":"category","embeddable":true,"href":"https:\/\/www.newsrecorder.ro\/app\/wp-json\/wp\/v2\/categories?post=10454"},{"taxonomy":"post_tag","embeddable":true,"href":"https:\/\/www.newsrecorder.ro\/app\/wp-json\/wp\/v2\/tags?post=10454"}],"curies":[{"name":"wp","href":"https:\/\/api.w.org\/{rel}","templated":true}]}}