{"id":10482,"date":"2026-03-26T22:40:56","date_gmt":"2026-03-26T22:40:56","guid":{"rendered":"https:\/\/www.newsrecorder.ro\/app\/2026\/03\/26\/atitudini-cu-adina-anghelescu-dian-popescu-vineri-pe-gandul\/"},"modified":"2026-03-26T22:40:56","modified_gmt":"2026-03-26T22:40:56","slug":"atitudini-cu-adina-anghelescu-dian-popescu-vineri-pe-gandul","status":"publish","type":"post","link":"https:\/\/www.newsrecorder.ro\/app\/2026\/03\/26\/atitudini-cu-adina-anghelescu-dian-popescu-vineri-pe-gandul\/","title":{"rendered":"\u201eAtitudini cu Adina Anghelescu: Dian Popescu, vineri pe G\u00e2ndul!\u201d"},"content":{"rendered":"<p>Emisiunea \u201eAtitudini cu Adina Anghelescu\u201d debuteaz\u0103 vineri, 27 martie, \u00eencep\u00e2nd cu ora 16:00, transmis\u0103 live pe platforma G\u00e2ndul. \u00cen aceast\u0103 edi\u021bie special\u0103, invitatul va fi Dian Popescu, un expert recunoscut \u00een domeniul energiei.<\/p>\n<p><em>Pute\u021bi urm\u0103ri emisiunea at\u00e2t pe <\/em><a href=\"https:\/\/www.facebook.com\/gandul.live\"><em>Facebook<\/em><\/a><em>, c\u00e2t \u0219i pe canalul nostru de YouTube <\/em><a href=\"https:\/\/www.youtube.com\/Ganduloficial\/\"><em>Gandul<\/em><\/a><em>.<\/em><\/p>\n","protected":false},"excerpt":{"rendered":"<p>Emisiunea \u201eAtitudini cu Adina Anghelescu\u201d debuteaz\u0103 vineri, 27 martie, \u00eencep\u00e2nd cu ora 16:00, transmis\u0103 live pe platforma G\u00e2ndul. \u00cen aceast\u0103 edi\u021bie special\u0103, invitatul va fi Dian Popescu, un expert recunoscut \u00een domeniul energiei. Pute\u021bi urm\u0103ri emisiunea at\u00e2t pe Facebook, c\u00e2t \u0219i pe canalul nostru de YouTube Gandul.<\/p>\n","protected":false},"author":4,"featured_media":10483,"comment_status":"open","ping_status":"open","sticky":false,"template":"","format":"standard","meta":{"jnews-multi-image_gallery":[],"jnews_single_post":[],"jnews_primary_category":[],"jnews_override_counter":[],"footnotes":""},"categories":[40],"tags":[9505,4770,13364,13363,191,2727,11768,13365],"class_list":["post-10482","post","type-post","status-publish","format-standard","has-post-thumbnail","hentry","category-econonie","tag-adina-anghelescu","tag-atitudini","tag-dian-popescu","tag-emisiunea","tag-energie","tag-facebook","tag-gandul","tag-live"],"_links":{"self":[{"href":"https:\/\/www.newsrecorder.ro\/app\/wp-json\/wp\/v2\/posts\/10482","targetHints":{"allow":["GET"]}}],"collection":[{"href":"https:\/\/www.newsrecorder.ro\/app\/wp-json\/wp\/v2\/posts"}],"about":[{"href":"https:\/\/www.newsrecorder.ro\/app\/wp-json\/wp\/v2\/types\/post"}],"author":[{"embeddable":true,"href":"https:\/\/www.newsrecorder.ro\/app\/wp-json\/wp\/v2\/users\/4"}],"replies":[{"embeddable":true,"href":"https:\/\/www.newsrecorder.ro\/app\/wp-json\/wp\/v2\/comments?post=10482"}],"version-history":[{"count":0,"href":"https:\/\/www.newsrecorder.ro\/app\/wp-json\/wp\/v2\/posts\/10482\/revisions"}],"wp:featuredmedia":[{"embeddable":true,"href":"https:\/\/www.newsrecorder.ro\/app\/wp-json\/wp\/v2\/media\/10483"}],"wp:attachment":[{"href":"https:\/\/www.newsrecorder.ro\/app\/wp-json\/wp\/v2\/media?parent=10482"}],"wp:term":[{"taxonomy":"category","embeddable":true,"href":"https:\/\/www.newsrecorder.ro\/app\/wp-json\/wp\/v2\/categories?post=10482"},{"taxonomy":"post_tag","embeddable":true,"href":"https:\/\/www.newsrecorder.ro\/app\/wp-json\/wp\/v2\/tags?post=10482"}],"curies":[{"name":"wp","href":"https:\/\/api.w.org\/{rel}","templated":true}]}}