{"id":10500,"date":"2026-03-26T23:14:35","date_gmt":"2026-03-26T23:14:35","guid":{"rendered":"https:\/\/www.newsrecorder.ro\/app\/2026\/03\/26\/premiile-oscar-se-muta-de-la-hollywood-in-inima-los-angeles-ului\/"},"modified":"2026-03-26T23:14:35","modified_gmt":"2026-03-26T23:14:35","slug":"premiile-oscar-se-muta-de-la-hollywood-in-inima-los-angeles-ului","status":"publish","type":"post","link":"https:\/\/www.newsrecorder.ro\/app\/2026\/03\/26\/premiile-oscar-se-muta-de-la-hollywood-in-inima-los-angeles-ului\/","title":{"rendered":"Premiile Oscar se mut\u0103: De la Hollywood \u00een inima Los Angeles-ului!"},"content":{"rendered":"<p>Academia Premiilor Oscar a anun\u021bat joi o schimbare semnificativ\u0103: \u00eencep\u00e2nd din 2029, ceremonia va p\u0103r\u0103si Hollywood-ul \u0219i se va desf\u0103\u0219ura \u00een centrul ora\u0219ului Los Angeles. Aceast\u0103 edi\u021bie va marca \u0219i o premier\u0103 \u00een istoria premiilor, fiind transmis\u0103 \u00een direct pe YouTube, conform informa\u021biilor furnizate de <a href=\"https:\/\/www.lefigaro.fr\/cinema\/les-oscars-quitteront-hollywood-pour-demenager-dans-le-centre-ville-de-los-angeles-en-2029-20260326\" target=\"_blank\" rel=\"noopener\">Le Figaro<\/a>.<\/p>\n<p>Traditionala ceremonie, care a avut loc de-a lungul anilor la Teatrul Dolby de pe Hollywood Boulevard, se va muta la Teatrul Peacock. Aceast\u0103 sal\u0103 de concerte este situat\u0103 \u00eentr-o pia\u021b\u0103 impresionant\u0103 \u00een fa\u021ba zg\u00e2rie-norilor din centrul ora\u0219ului, cunoscut\u0103 sub numele de LA Live. Acest complex include \u0219i stadionul echipei de baschet Los Angeles Lakers, Crypto.com Arena.<\/p>\n<p>Decizia de a schimba loca\u021bia este parte a unui parteneriat pe o durat\u0103 de zece ani cu AEG, compania responsabil\u0103 pentru gestionarea acestui important loc cultural \u0219i sportiv. \u201ePentru cea de-a 101-a edi\u021bie a Premiilor Academiei \u0219i nu numai, suntem \u00eenc\u00e2nta\u021bi s\u0103 colabor\u0103m \u00eendeaproape cu AEG pentru a transforma LA LIVE \u00een locul ideal pentru celebrarea cinematografiei noastre, at\u00e2t pentru publicul prezent \u00een sal\u0103, c\u00e2t \u0219i pentru fanii filmelor din \u00eentreaga lume\u201d, au declarat Bill Kramer, pre\u0219edintele Academiei, \u0219i Lynette Howell Taylor, pre\u0219edintele acesteia, \u00eentr-un comunicat oficial.<\/p>\n","protected":false},"excerpt":{"rendered":"<p>Academia Premiilor Oscar a anun\u021bat joi o schimbare semnificativ\u0103: \u00eencep\u00e2nd din 2029, ceremonia va p\u0103r\u0103si Hollywood-ul \u0219i se va desf\u0103\u0219ura \u00een centrul ora\u0219ului Los Angeles. Aceast\u0103 edi\u021bie va marca \u0219i o premier\u0103 \u00een istoria premiilor, fiind transmis\u0103 \u00een direct pe YouTube, conform informa\u021biilor furnizate de Le Figaro. Traditionala ceremonie, care a avut loc de-a lungul [&hellip;]<\/p>\n","protected":false},"author":2,"featured_media":10501,"comment_status":"open","ping_status":"open","sticky":false,"template":"","format":"standard","meta":{"jnews-multi-image_gallery":[],"jnews_single_post":[],"jnews_primary_category":[],"jnews_override_counter":[],"footnotes":""},"categories":[39],"tags":[13389,13387,7804,3744,2898,220,13388,1636],"class_list":["post-10500","post","type-post","status-publish","format-standard","has-post-thumbnail","hentry","category-stirile-zilei","tag-aeg","tag-ceremonia","tag-hollywood","tag-los-angeles","tag-parteneriat","tag-premiile-oscar","tag-teatrul-peacock","tag-youtube"],"_links":{"self":[{"href":"https:\/\/www.newsrecorder.ro\/app\/wp-json\/wp\/v2\/posts\/10500","targetHints":{"allow":["GET"]}}],"collection":[{"href":"https:\/\/www.newsrecorder.ro\/app\/wp-json\/wp\/v2\/posts"}],"about":[{"href":"https:\/\/www.newsrecorder.ro\/app\/wp-json\/wp\/v2\/types\/post"}],"author":[{"embeddable":true,"href":"https:\/\/www.newsrecorder.ro\/app\/wp-json\/wp\/v2\/users\/2"}],"replies":[{"embeddable":true,"href":"https:\/\/www.newsrecorder.ro\/app\/wp-json\/wp\/v2\/comments?post=10500"}],"version-history":[{"count":0,"href":"https:\/\/www.newsrecorder.ro\/app\/wp-json\/wp\/v2\/posts\/10500\/revisions"}],"wp:featuredmedia":[{"embeddable":true,"href":"https:\/\/www.newsrecorder.ro\/app\/wp-json\/wp\/v2\/media\/10501"}],"wp:attachment":[{"href":"https:\/\/www.newsrecorder.ro\/app\/wp-json\/wp\/v2\/media?parent=10500"}],"wp:term":[{"taxonomy":"category","embeddable":true,"href":"https:\/\/www.newsrecorder.ro\/app\/wp-json\/wp\/v2\/categories?post=10500"},{"taxonomy":"post_tag","embeddable":true,"href":"https:\/\/www.newsrecorder.ro\/app\/wp-json\/wp\/v2\/tags?post=10500"}],"curies":[{"name":"wp","href":"https:\/\/api.w.org\/{rel}","templated":true}]}}