{"id":10520,"date":"2026-03-27T00:10:45","date_gmt":"2026-03-27T00:10:45","guid":{"rendered":"https:\/\/www.newsrecorder.ro\/app\/2026\/03\/27\/psd-masuri-radicale-necesare-pentru-a-lucra-cu-domnul-bolojan\/"},"modified":"2026-03-27T00:10:45","modified_gmt":"2026-03-27T00:10:45","slug":"psd-masuri-radicale-necesare-pentru-a-lucra-cu-domnul-bolojan","status":"publish","type":"post","link":"https:\/\/www.newsrecorder.ro\/app\/2026\/03\/27\/psd-masuri-radicale-necesare-pentru-a-lucra-cu-domnul-bolojan\/","title":{"rendered":"PSD: M\u0103suri radicale necesare pentru a lucra cu domnul Bolojan!"},"content":{"rendered":"<p>Declara\u021biile au fost f\u0103cute joi seara la Rom\u00e2nia TV.<\/p>\n<p>Daniel B\u0103lu\u021b\u0103, pre\u0219edintele PSD Bucure\u0219ti, a exprimat o opinie ferm\u0103 cu privire la colaborarea cu domnul Bolojan, afirm\u00e2nd: \u201eNu se mai poate lucra \u00een aceast\u0103 formul\u0103 cu domnul Bolojan, cred c\u0103 este timpul s\u0103 lu\u0103m m\u0103suri radicale.\u201d<\/p>\n<p>Motivul pentru care B\u0103lu\u021b\u0103 dore\u0219te s\u0103 se desprind\u0103 de Bolojan a fost clarificat \u00een cadrul consult\u0103rilor interne ale PSD. El a subliniat c\u0103 \u201eare un tip de rigiditate \u0219i o lips\u0103 de viziune incompatibil\u0103 cu obiectivele PSD\u201d. Conform acestuia, \u201eobiectivul nostru num\u0103rul 1 \u00eel reprezint\u0103 oamenii\u201d, pun\u00e2nd accent pe nevoile cet\u0103\u021benilor.<\/p>\n<p>B\u0103lu\u021b\u0103 a caracterizat stilul de conducere al lui Bolojan ca fiind unul \u201euserist sut\u0103 la sut\u0103\u201d, ad\u0103ug\u00e2nd c\u0103 \u201estilul distructiv \u00ee\u0219i arat\u0103 dintele\u201d. El a eviden\u021biat c\u0103 statistica \u0219i feedback-ul cet\u0103\u021benilor indic\u0103 faptul c\u0103 este necesar\u0103 o schimbare, men\u021bion\u00e2nd c\u0103 \u201ene spun c\u0103 este momentul s\u0103 spunem stop\u201d.<\/p>\n<p>\u00cen acest context, social-democra\u021bii organizeaz\u0103 o consultare intern\u0103 pentru a discuta despre viitorul PSD \u00een actuala coali\u021bie de guvernare. Aceast\u0103 consultare este programat\u0103 s\u0103 se finalizeze \u00een luna aprilie.<\/p>\n","protected":false},"excerpt":{"rendered":"<p>Declara\u021biile au fost f\u0103cute joi seara la Rom\u00e2nia TV. Daniel B\u0103lu\u021b\u0103, pre\u0219edintele PSD Bucure\u0219ti, a exprimat o opinie ferm\u0103 cu privire la colaborarea cu domnul Bolojan, afirm\u00e2nd: \u201eNu se mai poate lucra \u00een aceast\u0103 formul\u0103 cu domnul Bolojan, cred c\u0103 este timpul s\u0103 lu\u0103m m\u0103suri radicale.\u201d Motivul pentru care B\u0103lu\u021b\u0103 dore\u0219te s\u0103 se desprind\u0103 de [&hellip;]<\/p>\n","protected":false},"author":2,"featured_media":10521,"comment_status":"open","ping_status":"open","sticky":false,"template":"","format":"standard","meta":{"jnews-multi-image_gallery":[],"jnews_single_post":[],"jnews_primary_category":[],"jnews_override_counter":[],"footnotes":""},"categories":[39],"tags":[1298,297,624,8904,300,13406,190,13407],"class_list":["post-10520","post","type-post","status-publish","format-standard","has-post-thumbnail","hentry","category-stirile-zilei","tag-bolojan","tag-colaborare","tag-daniel-baluta","tag-nevoile-cetatenilor","tag-psd","tag-rigiditate","tag-schimbare","tag-viziune"],"_links":{"self":[{"href":"https:\/\/www.newsrecorder.ro\/app\/wp-json\/wp\/v2\/posts\/10520","targetHints":{"allow":["GET"]}}],"collection":[{"href":"https:\/\/www.newsrecorder.ro\/app\/wp-json\/wp\/v2\/posts"}],"about":[{"href":"https:\/\/www.newsrecorder.ro\/app\/wp-json\/wp\/v2\/types\/post"}],"author":[{"embeddable":true,"href":"https:\/\/www.newsrecorder.ro\/app\/wp-json\/wp\/v2\/users\/2"}],"replies":[{"embeddable":true,"href":"https:\/\/www.newsrecorder.ro\/app\/wp-json\/wp\/v2\/comments?post=10520"}],"version-history":[{"count":0,"href":"https:\/\/www.newsrecorder.ro\/app\/wp-json\/wp\/v2\/posts\/10520\/revisions"}],"wp:featuredmedia":[{"embeddable":true,"href":"https:\/\/www.newsrecorder.ro\/app\/wp-json\/wp\/v2\/media\/10521"}],"wp:attachment":[{"href":"https:\/\/www.newsrecorder.ro\/app\/wp-json\/wp\/v2\/media?parent=10520"}],"wp:term":[{"taxonomy":"category","embeddable":true,"href":"https:\/\/www.newsrecorder.ro\/app\/wp-json\/wp\/v2\/categories?post=10520"},{"taxonomy":"post_tag","embeddable":true,"href":"https:\/\/www.newsrecorder.ro\/app\/wp-json\/wp\/v2\/tags?post=10520"}],"curies":[{"name":"wp","href":"https:\/\/api.w.org\/{rel}","templated":true}]}}