{"id":10522,"date":"2026-03-27T03:27:57","date_gmt":"2026-03-27T03:27:57","guid":{"rendered":"https:\/\/www.newsrecorder.ro\/app\/2026\/03\/27\/oana-pellea-in-razboi-legal-pentru-mostenirea-lui-amza-pellea\/"},"modified":"2026-03-27T03:27:57","modified_gmt":"2026-03-27T03:27:57","slug":"oana-pellea-in-razboi-legal-pentru-mostenirea-lui-amza-pellea","status":"publish","type":"post","link":"https:\/\/www.newsrecorder.ro\/app\/2026\/03\/27\/oana-pellea-in-razboi-legal-pentru-mostenirea-lui-amza-pellea\/","title":{"rendered":"Oana Pellea, \u00een r\u0103zboi legal pentru mo\u0219tenirea lui Amza Pellea!"},"content":{"rendered":"<p>Oana Pellea a f\u0103cut public\u0103 o situa\u021bie frustrant\u0103 pe re\u021belele de socializare, descriind cum CREDIDAM, organiza\u021bia care gestioneaz\u0103 drepturile de autor, \u00eei solicit\u0103 constant actualizarea datelor de repertoriu ale tat\u0103lui s\u0103u, Amza Pellea, decedat acum 43 de ani. \u201eDe 43 de ani, lista repertoriului s\u0103u a r\u0103mas aceea\u0219i!\u201d, a subliniat Oana, exprim\u00e2ndu-\u0219i indignarea fa\u021b\u0103 de cererile repetitive \u0219i inutile.<\/p>\n<p>\u00cen trecut, Oana a depus personal lista repertoriului la CREDIDAM, atunci c\u00e2nd l-a \u00eenscris pe Amza Pellea ca membru, dar acum refuz\u0103 s\u0103 se supun\u0103 unei cereri pe care o consider\u0103 \u201eaberant\u0103 \u0219i absurd\u0103\u201d. Recent, CREDIDAM a contestat chiar \u0219i dreptul ei de mo\u0219tenitor, complic\u00e2nd \u0219i mai mult situa\u021bia.<\/p>\n<p>\u201eMi se spune c\u0103 nu pot pl\u0103ti drepturile pentru c\u0103 nu \u0219tiu ce au de pl\u0103tit, nefiind actualizat\u0103 baza de date. \u00cen acela\u0219i timp, CREDIDAM \u00eencaseaz\u0103 drepturile de la televiziuni, ceea ce ridic\u0103 \u00eentreb\u0103ri despre unde sunt banii pentru drepturile de difuzare \u0219i autor ale tat\u0103lui meu\u201d, a explicat Oana. De asemenea, ea a men\u021bionat c\u0103 organiza\u021bia nu mai recunoa\u0219te informa\u021biile pe care ea le-a depus, chiar pun\u00e2nd la \u00eendoial\u0103 certificatul de mo\u0219tenitor. \u201eAu sus\u021binut c\u0103 tata nu este \u00eenscris ca membru, de\u0219i are un cont \u0219i parol\u0103 pe site-ul lor\u201d, a ad\u0103ugat ea, subliniind confuzia creat\u0103 de aceste afirma\u021bii.<\/p>\n<p>Oana Pellea a \u00eenceput un proces cu CREDIDAM acum doi ani, \u00een \u00eencercarea de a ob\u021bine drepturile cuvenite tat\u0103lui s\u0103u. \u201e\u00cen Rom\u00e2nia anului 2026, la fiecare termen de judecat\u0103, se schimb\u0103 judec\u0103torul \u0219i procesul este reluat de la zero. Reprezentan\u021bii CREDIDAM aduc la fiecare \u00eent\u00e2lnire c\u00e2te o alegere absurd\u0103, iar dosarul este plin de dovezi clare. Totu\u0219i, justi\u021bia pare s\u0103 \u00eent\u00e2rzie\u201d, a men\u021bionat ea, adres\u00e2ndu-se unor personalit\u0103\u021bi precum Oana Gheorghiu, Ilie Bolojan \u0219i Andras Istvan, \u00eentreb\u00e2ndu-se cui trebuie s\u0103 se adreseze pentru a-i face dreptate tat\u0103lui s\u0103u.<\/p>\n","protected":false},"excerpt":{"rendered":"<p>Oana Pellea a f\u0103cut public\u0103 o situa\u021bie frustrant\u0103 pe re\u021belele de socializare, descriind cum CREDIDAM, organiza\u021bia care gestioneaz\u0103 drepturile de autor, \u00eei solicit\u0103 constant actualizarea datelor de repertoriu ale tat\u0103lui s\u0103u, Amza Pellea, decedat acum 43 de ani. \u201eDe 43 de ani, lista repertoriului s\u0103u a r\u0103mas aceea\u0219i!\u201d, a subliniat Oana, exprim\u00e2ndu-\u0219i indignarea fa\u021b\u0103 de [&hellip;]<\/p>\n","protected":false},"author":7,"featured_media":10523,"comment_status":"open","ping_status":"open","sticky":false,"template":"","format":"standard","meta":{"jnews-multi-image_gallery":[],"jnews_single_post":[],"jnews_primary_category":[],"jnews_override_counter":[],"footnotes":""},"categories":[43],"tags":[13410,13409,3875,4492,13408,13411,13412,2853],"class_list":["post-10522","post","type-post","status-publish","format-standard","has-post-thumbnail","hentry","category-cultura","tag-amza-pellea","tag-credidam","tag-drepturi-de-autor","tag-mostenitor","tag-oana-pellea","tag-repertoriu","tag-situatie-frustranta","tag-social-media"],"_links":{"self":[{"href":"https:\/\/www.newsrecorder.ro\/app\/wp-json\/wp\/v2\/posts\/10522","targetHints":{"allow":["GET"]}}],"collection":[{"href":"https:\/\/www.newsrecorder.ro\/app\/wp-json\/wp\/v2\/posts"}],"about":[{"href":"https:\/\/www.newsrecorder.ro\/app\/wp-json\/wp\/v2\/types\/post"}],"author":[{"embeddable":true,"href":"https:\/\/www.newsrecorder.ro\/app\/wp-json\/wp\/v2\/users\/7"}],"replies":[{"embeddable":true,"href":"https:\/\/www.newsrecorder.ro\/app\/wp-json\/wp\/v2\/comments?post=10522"}],"version-history":[{"count":0,"href":"https:\/\/www.newsrecorder.ro\/app\/wp-json\/wp\/v2\/posts\/10522\/revisions"}],"wp:featuredmedia":[{"embeddable":true,"href":"https:\/\/www.newsrecorder.ro\/app\/wp-json\/wp\/v2\/media\/10523"}],"wp:attachment":[{"href":"https:\/\/www.newsrecorder.ro\/app\/wp-json\/wp\/v2\/media?parent=10522"}],"wp:term":[{"taxonomy":"category","embeddable":true,"href":"https:\/\/www.newsrecorder.ro\/app\/wp-json\/wp\/v2\/categories?post=10522"},{"taxonomy":"post_tag","embeddable":true,"href":"https:\/\/www.newsrecorder.ro\/app\/wp-json\/wp\/v2\/tags?post=10522"}],"curies":[{"name":"wp","href":"https:\/\/api.w.org\/{rel}","templated":true}]}}