{"id":10530,"date":"2026-03-27T03:29:10","date_gmt":"2026-03-27T03:29:10","guid":{"rendered":"https:\/\/www.newsrecorder.ro\/app\/2026\/03\/27\/ilie-bolojan-reducerea-deficitelor-fara-a-compromite-investitiile-in-2024\/"},"modified":"2026-03-27T03:29:10","modified_gmt":"2026-03-27T03:29:10","slug":"ilie-bolojan-reducerea-deficitelor-fara-a-compromite-investitiile-in-2024","status":"publish","type":"post","link":"https:\/\/www.newsrecorder.ro\/app\/2026\/03\/27\/ilie-bolojan-reducerea-deficitelor-fara-a-compromite-investitiile-in-2024\/","title":{"rendered":"Ilie Bolojan: Reducerea deficitelor f\u0103r\u0103 a compromite investi\u021biile \u00een 2024"},"content":{"rendered":"<p>\u00cen cadrul Adun\u0103rii Generale a Camerei de Comer\u021b Rom\u00e2no-Americane, premierul Ilie Bolojan a subliniat rolul esen\u021bial al investi\u021biilor americane \u00een promovarea dezvolt\u0103rii economice a Rom\u00e2niei, mul\u021bumind companiilor pentru contribu\u021biile aduse, \u00een ciuda contextului economic complex de la nivel global.<\/p>\n<p>Cu aceast\u0103 ocazie, Bolojan l-a \u00eent\u00e2mpinat c\u0103lduros pe noul ambasador al Statelor Unite la Bucure\u0219ti, Darryl Nirenberg, eviden\u021biind c\u0103 acesta, la fel ca predecesorii s\u0103i, va reprezenta o \u201eancor\u0103 important\u0103\u201d \u00een consolidarea rela\u021biilor dintre Rom\u00e2nia \u0219i SUA \u00een anii ce urmeaz\u0103.<\/p>\n<p>\u201eStatele Unite ale Americii au jucat un rol crucial \u00een asigurarea securit\u0103\u021bii, dar \u0219i \u00een domeniul economic. Parteneriatul nostru cu SUA este un aspect strategic pe care ne angaj\u0103m s\u0103-l sus\u021binem \u00een continuare. Am demonstrat deja c\u0103 suntem prezen\u021bi atunci c\u00e2nd suntem solicita\u021bi. Cred c\u0103 putem extinde acest parteneriat \u00een domenii precum energia, coridoarele energetice, sectorul nuclear, mineralele rare \u0219i alte domenii cu valoare ad\u0103ugat\u0103 \u0219i tehnologie avansat\u0103. Am convenit cu domnul ambasador s\u0103 colabor\u0103m pentru a dezvolta aceste aspecte economice\u201d, a declarat premierul.<\/p>\n<p>\u00cen continuare, Bolojan a abordat provoc\u0103rile economice cu care se confrunt\u0103 Rom\u00e2nia, subliniind c\u0103 guvernul \u00ee\u0219i propune s\u0103 restabileasc\u0103 echilibrele bugetare prin reducerea cheltuielilor. \u201eTravers\u0103m un an economic dificil, iar prioritatea noastr\u0103 este men\u021binerea echilibrelor bugetare, deoarece nu ne putem permite deficite mari. Este esen\u021bial s\u0103 continu\u0103m s\u0103 lucr\u0103m la absorb\u021bia fondurilor pentru a men\u021bine un nivel ridicat al investi\u021biilor\u201d, a ad\u0103ugat el.<\/p>\n<p>Premierul a accentuat importan\u021ba men\u021binerii unui nivel crescut al investi\u021biilor, \u00een special prin accesarea fondurilor europene. \u201eAvem o provocare major\u0103: p\u00e2n\u0103 la sf\u00e2r\u0219itul lunii august, trebuie s\u0103 absorbim 10 miliarde de euro, din care jum\u0103tate sunt granturi \u0219i jum\u0103tate \u00eemprumuturi. Aceste fonduri sunt destinate infrastructurii din nord-estul Rom\u00e2niei, inclusiv Autostrada Moldovei, \u0219i reprezint\u0103 investi\u021bii semnificative care pot genera oportunit\u0103\u021bi de dezvoltare pentru mediul de afaceri. Aceasta este o prioritate pe care trebuie s\u0103 o urm\u0103rim cu aten\u021bie\u201d, a explicat Bolojan.<\/p>\n<p>Referitor la fiscalitate, premierul a asigurat mediul de afaceri c\u0103 impozitul pe cifra de afaceri va fi eliminat. \u201eNe dorim s\u0103 p\u0103str\u0103m predictibilitatea \u00een fiscalitate. \u00cen acest sens, impozitul pe cifra de afaceri, care inhib\u0103 investi\u021biile, a fost redus la jum\u0103tate anul acesta \u0219i va fi eliminat complet de la 1 ianuarie anul viitor. Este important s\u0103 impozit\u0103m profiturile, nu investi\u021biile. De asemenea, ne vom str\u0103dui s\u0103 men\u021binem stabilitatea \u00een toate aspectele fiscale, dar pentru aceasta va trebui s\u0103 gestion\u0103m cu aten\u021bie cheltuielile \u0219i s\u0103 ne men\u021binem echilibrele financiare. Sper c\u0103 provoc\u0103rile externe s\u0103 nu dureze prea mult\u201d, a concluzionat premierul Ilie Bolojan.<\/p>\n","protected":false},"excerpt":{"rendered":"<p>\u00cen cadrul Adun\u0103rii Generale a Camerei de Comer\u021b Rom\u00e2no-Americane, premierul Ilie Bolojan a subliniat rolul esen\u021bial al investi\u021biilor americane \u00een promovarea dezvolt\u0103rii economice a Rom\u00e2niei, mul\u021bumind companiilor pentru contribu\u021biile aduse, \u00een ciuda contextului economic complex de la nivel global. Cu aceast\u0103 ocazie, Bolojan l-a \u00eent\u00e2mpinat c\u0103lduros pe noul ambasador al Statelor Unite la Bucure\u0219ti, Darryl [&hellip;]<\/p>\n","protected":false},"author":2,"featured_media":10531,"comment_status":"open","ping_status":"open","sticky":false,"template":"","format":"standard","meta":{"jnews-multi-image_gallery":[],"jnews_single_post":[],"jnews_primary_category":[],"jnews_override_counter":[],"footnotes":""},"categories":[42],"tags":[774,1075,191,4275,905,13423,874],"class_list":["post-10530","post","type-post","status-publish","format-standard","has-post-thumbnail","hentry","category-politica","tag-adunarea-generala","tag-dezvoltare-economica","tag-energie","tag-investitii-americane","tag-parteneriat-strategic","tag-relatii-romania-sua","tag-securitate"],"_links":{"self":[{"href":"https:\/\/www.newsrecorder.ro\/app\/wp-json\/wp\/v2\/posts\/10530","targetHints":{"allow":["GET"]}}],"collection":[{"href":"https:\/\/www.newsrecorder.ro\/app\/wp-json\/wp\/v2\/posts"}],"about":[{"href":"https:\/\/www.newsrecorder.ro\/app\/wp-json\/wp\/v2\/types\/post"}],"author":[{"embeddable":true,"href":"https:\/\/www.newsrecorder.ro\/app\/wp-json\/wp\/v2\/users\/2"}],"replies":[{"embeddable":true,"href":"https:\/\/www.newsrecorder.ro\/app\/wp-json\/wp\/v2\/comments?post=10530"}],"version-history":[{"count":0,"href":"https:\/\/www.newsrecorder.ro\/app\/wp-json\/wp\/v2\/posts\/10530\/revisions"}],"wp:featuredmedia":[{"embeddable":true,"href":"https:\/\/www.newsrecorder.ro\/app\/wp-json\/wp\/v2\/media\/10531"}],"wp:attachment":[{"href":"https:\/\/www.newsrecorder.ro\/app\/wp-json\/wp\/v2\/media?parent=10530"}],"wp:term":[{"taxonomy":"category","embeddable":true,"href":"https:\/\/www.newsrecorder.ro\/app\/wp-json\/wp\/v2\/categories?post=10530"},{"taxonomy":"post_tag","embeddable":true,"href":"https:\/\/www.newsrecorder.ro\/app\/wp-json\/wp\/v2\/tags?post=10530"}],"curies":[{"name":"wp","href":"https:\/\/api.w.org\/{rel}","templated":true}]}}