{"id":10544,"date":"2026-03-27T09:57:44","date_gmt":"2026-03-27T09:57:44","guid":{"rendered":"https:\/\/www.newsrecorder.ro\/app\/2026\/03\/27\/furtuna-nocturna-in-dubai-strazi-sub-ape-si-trafic-paralizat\/"},"modified":"2026-03-27T09:57:44","modified_gmt":"2026-03-27T09:57:44","slug":"furtuna-nocturna-in-dubai-strazi-sub-ape-si-trafic-paralizat","status":"publish","type":"post","link":"https:\/\/www.newsrecorder.ro\/app\/2026\/03\/27\/furtuna-nocturna-in-dubai-strazi-sub-ape-si-trafic-paralizat\/","title":{"rendered":"Furtun\u0103 nocturn\u0103 \u00een Dubai: str\u0103zi sub ape \u0219i trafic paralizat!"},"content":{"rendered":"<p>Precipita\u021biile abundente din timpul nop\u021bii au provocat probleme semnificative \u00een mai multe zone ale ora\u0219ului, inund\u00e2nd intersec\u021bii, drumuri secundare \u0219i pasaje subterane. \u00cen anumite cartiere, apa a acoperit complet carosabilul, l\u0103s\u00e2nd mul\u021bi \u0219oferi bloca\u021bi \u00een trafic sau nevoi\u021bi s\u0103 abandoneze vehiculele, conform informa\u021biilor furnizate de <a href=\"https:\/\/www.euronews.com\/video\/2026\/03\/27\/dubai-hit-by-heavy-overnight-rain-as-floods-snarl-traffic-and-flights\" target=\"_blank\" rel=\"noopener\">Euronews<\/a>.<\/p>\n<p>\u00cen r\u0103spuns la aceste condi\u021bii meteorologice extreme, poli\u021bia \u0219i echipele de interven\u021bie au \u00eenceput opera\u021biunile de evacuare a apei \u0219i de deblocare a drumurilor \u00eenc\u0103 dinainte de r\u0103s\u0103rit. De asemenea, utilaje de pompare \u0219i echipaje de recuperare au fost trimise \u00een zonele cele mai afectate pentru a ajuta la gestionarea situa\u021biei.<\/p>\n<p>Se estimeaz\u0103 c\u0103 transportul aerian va suferi \u00eent\u00e2rzieri<\/p>\n<p>Furtunile \u0219i ploaia au avut un impact \u0219i asupra transportului aerian, iar aeroporturile din Dubai au avertizat c\u0103 exist\u0103 riscul unor \u00eent\u00e2rzieri sau perturb\u0103ri ale zborurilor. \u00cen contextul \u00een care vremea sever\u0103 ar putea continua \u00een anumite regiuni ale Emiratelor Arabe Unite, autorit\u0103\u021bile au recomandat pasagerilor s\u0103 verifice starea zborurilor \u00eenainte de a se \u00eendrepta spre aeroport.<\/p>\n<p dir=\"ltr\" lang=\"en\">\ud83c\udf27\ufe0f\u26a1\ud83d\udd34 Dubai: Lightning dances over the Burj Khalifa amid heavy rain.<a href=\"https:\/\/twitter.com\/hashtag\/Dubai?src=hash&amp;ref_src=twsrc%5Etfw\">#Dubai<\/a> <a href=\"https:\/\/twitter.com\/hashtag\/BREAKING?src=hash&amp;ref_src=twsrc%5Etfw\">#BREAKING<\/a> <a href=\"https:\/\/t.co\/cHyMDKYNYH\">pic.twitter.com\/cHyMDKYNYH<\/a><\/p>\n<p>\u2014 Zain Sajjad (@ZainSM8) <a href=\"https:\/\/twitter.com\/ZainSM8\/status\/2037284503216165041?ref_src=twsrc%5Etfw\">March 26, 2026<\/a><\/p>\n<p>Episoadele de ploi toren\u021biale sunt relativ rare \u00een aceast\u0103 regiune, \u00eens\u0103 meteorologii subliniaz\u0103 c\u0103 aceste fenomene devin din ce \u00een ce mai frecvente \u00een ultimii ani. Speciali\u0219tii avertizeaz\u0103 c\u0103 aversele abrupte, dar intense, pun o presiune considerabil\u0103 asupra infrastructurii urbane din ora\u0219ele situate \u00een de\u0219ert, inclusiv asupra sistemelor de drenaj \u0219i re\u021belelor de transport. Dubai a experimentat inunda\u021bii semnificative \u0219i \u00een trecutul recent, inclusiv \u00een 2024, c\u00e2nd ploi record au dus la perturb\u0103ri majore ale traficului \u0219i transportului aerian.<\/p>\n<p>Autorit\u0103\u021bile \u00ee\u0219i men\u021bin starea de alert\u0103<\/p>\n<p>Serviciile meteorologice din <a href=\"https:\/\/www.mediafax.ro\/stirile-zilei\/occidentalii-isi-parasesc-tarile-in-numar-record-urmarile-economice-vor-fi-resimtite-atat-acasa-cat-si-in-tarile-de-destinatie-23708689\" target=\"_blank\" rel=\"noopener\">Emiratele Arabe Unite<\/a> au emis mai multe avertiz\u0103ri \u00een aceast\u0103 s\u0103pt\u0103m\u00e2n\u0103 privind instabilitatea atmosferic\u0103. Autorit\u0103\u021bile au anun\u021bat c\u0103 monitorizeaz\u0103 \u00eendeaproape evolu\u021bia vremii, iar echipele de interven\u021bie r\u0103m\u00e2n preg\u0103tite pentru a gestiona posibilele noi inunda\u021bii \u0219i pentru a asigura deschiderea principalelor artere de circula\u021bie.<\/p>\n","protected":false},"excerpt":{"rendered":"<p>Precipita\u021biile abundente din timpul nop\u021bii au provocat probleme semnificative \u00een mai multe zone ale ora\u0219ului, inund\u00e2nd intersec\u021bii, drumuri secundare \u0219i pasaje subterane. \u00cen anumite cartiere, apa a acoperit complet carosabilul, l\u0103s\u00e2nd mul\u021bi \u0219oferi bloca\u021bi \u00een trafic sau nevoi\u021bi s\u0103 abandoneze vehiculele, conform informa\u021biilor furnizate de Euronews. \u00cen r\u0103spuns la aceste condi\u021bii meteorologice extreme, poli\u021bia \u0219i [&hellip;]<\/p>\n","protected":false},"author":2,"featured_media":10545,"comment_status":"open","ping_status":"open","sticky":false,"template":"","format":"standard","meta":{"jnews-multi-image_gallery":[],"jnews_single_post":[],"jnews_primary_category":[],"jnews_override_counter":[],"footnotes":""},"categories":[41],"tags":[3137,2437,2880,505,135,5504,4406,1141],"class_list":["post-10544","post","type-post","status-publish","format-standard","has-post-thumbnail","hentry","category-externe","tag-furtuni","tag-interventie","tag-inundatii","tag-politie","tag-precipitatii","tag-trafic","tag-transport-aerian","tag-vreme-severa"],"_links":{"self":[{"href":"https:\/\/www.newsrecorder.ro\/app\/wp-json\/wp\/v2\/posts\/10544","targetHints":{"allow":["GET"]}}],"collection":[{"href":"https:\/\/www.newsrecorder.ro\/app\/wp-json\/wp\/v2\/posts"}],"about":[{"href":"https:\/\/www.newsrecorder.ro\/app\/wp-json\/wp\/v2\/types\/post"}],"author":[{"embeddable":true,"href":"https:\/\/www.newsrecorder.ro\/app\/wp-json\/wp\/v2\/users\/2"}],"replies":[{"embeddable":true,"href":"https:\/\/www.newsrecorder.ro\/app\/wp-json\/wp\/v2\/comments?post=10544"}],"version-history":[{"count":0,"href":"https:\/\/www.newsrecorder.ro\/app\/wp-json\/wp\/v2\/posts\/10544\/revisions"}],"wp:featuredmedia":[{"embeddable":true,"href":"https:\/\/www.newsrecorder.ro\/app\/wp-json\/wp\/v2\/media\/10545"}],"wp:attachment":[{"href":"https:\/\/www.newsrecorder.ro\/app\/wp-json\/wp\/v2\/media?parent=10544"}],"wp:term":[{"taxonomy":"category","embeddable":true,"href":"https:\/\/www.newsrecorder.ro\/app\/wp-json\/wp\/v2\/categories?post=10544"},{"taxonomy":"post_tag","embeddable":true,"href":"https:\/\/www.newsrecorder.ro\/app\/wp-json\/wp\/v2\/tags?post=10544"}],"curies":[{"name":"wp","href":"https:\/\/api.w.org\/{rel}","templated":true}]}}