{"id":10562,"date":"2026-03-27T11:08:06","date_gmt":"2026-03-27T11:08:06","guid":{"rendered":"https:\/\/www.newsrecorder.ro\/app\/2026\/03\/27\/managerii-prognozeaza-cresteri-drastice-ale-preturilor-in-comert-si-constructii\/"},"modified":"2026-03-27T11:08:06","modified_gmt":"2026-03-27T11:08:06","slug":"managerii-prognozeaza-cresteri-drastice-ale-preturilor-in-comert-si-constructii","status":"publish","type":"post","link":"https:\/\/www.newsrecorder.ro\/app\/2026\/03\/27\/managerii-prognozeaza-cresteri-drastice-ale-preturilor-in-comert-si-constructii\/","title":{"rendered":"Managerii prognozeaz\u0103 cre\u0219teri drastice ale pre\u021burilor \u00een comer\u021b \u0219i construc\u021bii!"},"content":{"rendered":"<p>Conform rezultatelor recente ale unei anchete realizate de Institutul Na\u021bional de Statistic\u0103 (INS) \u00een luna martie, se preconizeaz\u0103 o cre\u0219tere moderat\u0103 a volumului produc\u021biei \u00een industria prelucr\u0103toare pentru urm\u0103toarele trei luni, cu un sold conjunctural de +6%. \u00cen ceea ce prive\u0219te for\u021ba de munc\u0103, se estimeaz\u0103 o stabilitate relativ\u0103 a num\u0103rului de angaja\u021bi, soldul conjunctural fiind de -5%. De asemenea, pre\u021burile produselor industriale sunt anticipate s\u0103 creasc\u0103 semnificativ, reflectate printr-un sold conjunctural de +34%.<\/p>\n<p>\u00cen sectorul construc\u021biilor, managerii estimeaz\u0103 o tendin\u021b\u0103 optimist\u0103, prognoz\u00e2nd o cre\u0219tere a volumului produc\u021biei, cu un sold conjunctural de +17%. Stabilitatea num\u0103rului de angaja\u021bi este a\u0219teptat\u0103 s\u0103 r\u0103m\u00e2n\u0103 relativ constant\u0103, soldul conjunctural fiind de -1%. Totodat\u0103, pre\u021burile lucr\u0103rilor de construc\u021bii sunt prev\u0103zute s\u0103 \u00eenregistreze o cre\u0219tere accentuat\u0103, cu un sold conjunctural de +50%.<\/p>\n<p>\u00cen domeniul comer\u021bului cu am\u0103nuntul, managerii estimeaz\u0103 o stabilitate a cifrei de afaceri pentru urm\u0103toarele trei luni, soldul conjunctural fiind de -4%. Angajatorii prev\u0103d, de asemenea, o stabilitate relativ\u0103 a num\u0103rului de salaria\u021bi, soldul conjunctural indic\u00e2nd +2%. O majoritate de 53% dintre responden\u021bi se a\u0219teapt\u0103 la cre\u0219teri de pre\u021buri, \u00een timp ce doar 3% anticipeaz\u0103 sc\u0103deri. Astfel, soldul conjunctural de +50% sugereaz\u0103 o cre\u0219tere accentuat\u0103 a pre\u021burilor \u00een acest sector.<\/p>\n<p>\u00cen sectorul serviciilor, managerii estimeaz\u0103 o stabilitate a cererii pentru urm\u0103toarele trei luni, soldul conjunctural fiind de 0%. De asemenea, se preconizeaz\u0103 o stabilitate relativ\u0103 a num\u0103rului de angaja\u021bi, cu un sold conjunctural de -4%. Pre\u021burile de v\u00e2nzare sau de facturare ale serviciilor sunt a\u0219teptate s\u0103 creasc\u0103, tendin\u021ba fiind reflectat\u0103 printr-un sold conjunctural de +26%.<\/p>\n","protected":false},"excerpt":{"rendered":"<p>Conform rezultatelor recente ale unei anchete realizate de Institutul Na\u021bional de Statistic\u0103 (INS) \u00een luna martie, se preconizeaz\u0103 o cre\u0219tere moderat\u0103 a volumului produc\u021biei \u00een industria prelucr\u0103toare pentru urm\u0103toarele trei luni, cu un sold conjunctural de +6%. \u00cen ceea ce prive\u0219te for\u021ba de munc\u0103, se estimeaz\u0103 o stabilitate relativ\u0103 a num\u0103rului de angaja\u021bi, soldul conjunctural [&hellip;]<\/p>\n","protected":false},"author":4,"featured_media":10563,"comment_status":"open","ping_status":"open","sticky":false,"template":"","format":"standard","meta":{"jnews-multi-image_gallery":[],"jnews_single_post":[],"jnews_primary_category":[],"jnews_override_counter":[],"footnotes":""},"categories":[40],"tags":[875,2229,6388,13464,13465,13468,13466,13467],"class_list":["post-10562","post","type-post","status-publish","format-standard","has-post-thumbnail","hentry","category-econonie","tag-comert","tag-forta-de-munca","tag-industrie-prelucratoare","tag-preturi-industriale","tag-sector-constructii","tag-sold-conjunctural","tag-tendinta-optimista","tag-volum-productie"],"_links":{"self":[{"href":"https:\/\/www.newsrecorder.ro\/app\/wp-json\/wp\/v2\/posts\/10562","targetHints":{"allow":["GET"]}}],"collection":[{"href":"https:\/\/www.newsrecorder.ro\/app\/wp-json\/wp\/v2\/posts"}],"about":[{"href":"https:\/\/www.newsrecorder.ro\/app\/wp-json\/wp\/v2\/types\/post"}],"author":[{"embeddable":true,"href":"https:\/\/www.newsrecorder.ro\/app\/wp-json\/wp\/v2\/users\/4"}],"replies":[{"embeddable":true,"href":"https:\/\/www.newsrecorder.ro\/app\/wp-json\/wp\/v2\/comments?post=10562"}],"version-history":[{"count":0,"href":"https:\/\/www.newsrecorder.ro\/app\/wp-json\/wp\/v2\/posts\/10562\/revisions"}],"wp:featuredmedia":[{"embeddable":true,"href":"https:\/\/www.newsrecorder.ro\/app\/wp-json\/wp\/v2\/media\/10563"}],"wp:attachment":[{"href":"https:\/\/www.newsrecorder.ro\/app\/wp-json\/wp\/v2\/media?parent=10562"}],"wp:term":[{"taxonomy":"category","embeddable":true,"href":"https:\/\/www.newsrecorder.ro\/app\/wp-json\/wp\/v2\/categories?post=10562"},{"taxonomy":"post_tag","embeddable":true,"href":"https:\/\/www.newsrecorder.ro\/app\/wp-json\/wp\/v2\/tags?post=10562"}],"curies":[{"name":"wp","href":"https:\/\/api.w.org\/{rel}","templated":true}]}}