{"id":10580,"date":"2026-03-27T11:45:44","date_gmt":"2026-03-27T11:45:44","guid":{"rendered":"https:\/\/www.newsrecorder.ro\/app\/2026\/03\/27\/maia-sandu-108-ani-de-la-unirea-din-1918-o-reintoarcere-esentiala\/"},"modified":"2026-03-27T11:45:44","modified_gmt":"2026-03-27T11:45:44","slug":"maia-sandu-108-ani-de-la-unirea-din-1918-o-reintoarcere-esentiala","status":"publish","type":"post","link":"https:\/\/www.newsrecorder.ro\/app\/2026\/03\/27\/maia-sandu-108-ani-de-la-unirea-din-1918-o-reintoarcere-esentiala\/","title":{"rendered":"Maia Sandu: 108 ani de la Unirea din 1918 &#8211; O re\u00eentoarcere esen\u021bial\u0103!"},"content":{"rendered":"<p>Maia Sandu a subliniat importan\u021ba momentului Unirii din 1918, consider\u00e2ndu-l un pilon esen\u021bial \u00een evolu\u021bia istoric\u0103 a Republicii Moldova.<\/p>\n<p>\u201ePe 27 martie celebr\u0103m un eveniment care contureaz\u0103 identitatea noastr\u0103 na\u021bional\u0103. Dup\u0103 o lung\u0103 perioad\u0103 de ocupa\u021bie din partea Imperiului Rus, care a \u00eencercat s\u0103 ne anuleze identitatea, limba \u0219i demnitatea, Unirea din 1918 a reprezentat o \u00eentoarcere esen\u021bial\u0103 \u00een s\u00e2nul familiei noastre\u201d, a declarat Maia Sandu pe platforma sa de socializare Facebook.<\/p>\n<p>Pre\u0219edinta de la Chi\u0219in\u0103u a eviden\u021biat c\u0103 Unirea a constituit un impuls vital pentru ca popula\u021bia s\u0103 \u00ee\u0219i p\u0103streze identitatea \u00een fa\u021ba ocupa\u021biei sovietice. \u201eAdev\u0103rul istoric trebuie s\u0103 fie cunoscut \u0219i afirmat: gestul \u00eendr\u0103zne\u021b de acum 108 ani a conferit neamului nostru puterea de a rezista identitar \u00een fa\u021ba ocupa\u021biei sovietice viitoare, de a-\u0219i perpetua tradi\u021biile, limba rom\u00e2n\u0103 \u0219i de a-\u0219i revendica locul meritat \u00een comunitatea lumii libere\u201d, a ad\u0103ugat Maia Sandu.<\/p>\n<p>De asemenea, \u0219efa statului a pus \u00een eviden\u021b\u0103 rela\u021bia actual\u0103 dintre Rom\u00e2nia \u0219i Republica Moldova, subliniind contribu\u021bia Bucure\u0219tiului la dezvoltarea \u021b\u0103rii noastre \u0219i la parcursul s\u0103u european. \u201eChiar dac\u0103 vremurile dificile ne-au separat, Rom\u00e2nia a fost mereu aproape, oferindu-ne suport \u0219i \u00eengrijire constant\u0103. Cu Rom\u00e2nia al\u0103turi, suntem \u00eencrez\u0103tori c\u0103 vom reu\u0219i s\u0103 atingem aspira\u021biile genera\u021biei noastre \u2013 s\u0103 ne \u00eentoarcem \u00een familia european\u0103, s\u0103 ne moderniz\u0103m \u0219i s\u0103 ne ap\u0103r\u0103m democra\u021bia \u0219i pacea\u201d, a concluzionat Maia Sandu.<\/p>\n","protected":false},"excerpt":{"rendered":"<p>Maia Sandu a subliniat importan\u021ba momentului Unirii din 1918, consider\u00e2ndu-l un pilon esen\u021bial \u00een evolu\u021bia istoric\u0103 a Republicii Moldova. \u201ePe 27 martie celebr\u0103m un eveniment care contureaz\u0103 identitatea noastr\u0103 na\u021bional\u0103. Dup\u0103 o lung\u0103 perioad\u0103 de ocupa\u021bie din partea Imperiului Rus, care a \u00eencercat s\u0103 ne anuleze identitatea, limba \u0219i demnitatea, Unirea din 1918 a reprezentat [&hellip;]<\/p>\n","protected":false},"author":2,"featured_media":10581,"comment_status":"open","ping_status":"open","sticky":false,"template":"","format":"standard","meta":{"jnews-multi-image_gallery":[],"jnews_single_post":[],"jnews_primary_category":[],"jnews_override_counter":[],"footnotes":""},"categories":[39],"tags":[13108,873,3126,287,13491,285,1469,13490],"class_list":["post-10580","post","type-post","status-publish","format-standard","has-post-thumbnail","hentry","category-stirile-zilei","tag-identitate-nationala","tag-istorie","tag-limba-romana","tag-maia-sandu","tag-ocupatie-sovietica","tag-republica-moldova","tag-traditii","tag-unirea-din-1918"],"_links":{"self":[{"href":"https:\/\/www.newsrecorder.ro\/app\/wp-json\/wp\/v2\/posts\/10580","targetHints":{"allow":["GET"]}}],"collection":[{"href":"https:\/\/www.newsrecorder.ro\/app\/wp-json\/wp\/v2\/posts"}],"about":[{"href":"https:\/\/www.newsrecorder.ro\/app\/wp-json\/wp\/v2\/types\/post"}],"author":[{"embeddable":true,"href":"https:\/\/www.newsrecorder.ro\/app\/wp-json\/wp\/v2\/users\/2"}],"replies":[{"embeddable":true,"href":"https:\/\/www.newsrecorder.ro\/app\/wp-json\/wp\/v2\/comments?post=10580"}],"version-history":[{"count":0,"href":"https:\/\/www.newsrecorder.ro\/app\/wp-json\/wp\/v2\/posts\/10580\/revisions"}],"wp:featuredmedia":[{"embeddable":true,"href":"https:\/\/www.newsrecorder.ro\/app\/wp-json\/wp\/v2\/media\/10581"}],"wp:attachment":[{"href":"https:\/\/www.newsrecorder.ro\/app\/wp-json\/wp\/v2\/media?parent=10580"}],"wp:term":[{"taxonomy":"category","embeddable":true,"href":"https:\/\/www.newsrecorder.ro\/app\/wp-json\/wp\/v2\/categories?post=10580"},{"taxonomy":"post_tag","embeddable":true,"href":"https:\/\/www.newsrecorder.ro\/app\/wp-json\/wp\/v2\/tags?post=10580"}],"curies":[{"name":"wp","href":"https:\/\/api.w.org\/{rel}","templated":true}]}}