{"id":10594,"date":"2026-03-27T18:29:07","date_gmt":"2026-03-27T18:29:07","guid":{"rendered":"https:\/\/www.newsrecorder.ro\/app\/2026\/03\/27\/primaria-capitalei-incepe-o-revolutie-in-patrimoniul-istoric\/"},"modified":"2026-03-27T18:29:07","modified_gmt":"2026-03-27T18:29:07","slug":"primaria-capitalei-incepe-o-revolutie-in-patrimoniul-istoric","status":"publish","type":"post","link":"https:\/\/www.newsrecorder.ro\/app\/2026\/03\/27\/primaria-capitalei-incepe-o-revolutie-in-patrimoniul-istoric\/","title":{"rendered":"Prim\u0103ria Capitalei \u00eencepe o revolu\u021bie \u00een patrimoniul istoric!"},"content":{"rendered":"<p>Prim\u0103ria Municipiului Bucure\u0219ti a f\u0103cut un anun\u021b important vineri, lans\u00e2nd un proiect semnificativ de inventariere a patrimoniului ora\u0219ului. Acest demers are ca scop crearea unei baze de date unice care va include toate cl\u0103dirile, terenurile \u0219i garajele ce sunt \u00een proprietatea sau administrarea PMB.<\/p>\n<p>Este prima ini\u021biativ\u0103 de acest tip \u00een ultimele 35 de ani, av\u00e2nd ca obiectiv ob\u021binerea unei imagini complete a st\u0103rii fizice \u0219i juridice a patrimoniului Capitalei.<\/p>\n<p>\u201eAst\u0103zi stabilim principiile \u0219i modul de lucru. Trebuie s\u0103 identific\u0103m ce imobile avem, care este starea lor fizic\u0103 \u0219i juridic\u0103, dac\u0103 exist\u0103 litigii \u0219i ce suprafa\u021b\u0103 au. Apoi, vom decide cum le salv\u0103m \u0219i cum le valorific\u0103m, astfel \u00eenc\u00e2t s\u0103 le reintegr\u0103m \u00een circuitul economic \u0219i s\u0103 le red\u0103m comunit\u0103\u021bii. Unele cl\u0103diri vor fi incluse \u00een programe de consolidare, altele pot fi reabilitate \u00eempreun\u0103 cu sectorul privat, iar unele vor fi concesionate sau \u00eenchiriate. Nu mai putem a\u0219tepta, pentru c\u0103 ora\u0219ul se pr\u0103bu\u0219e\u0219te pe noi,\u201d a declarat Ciprian Ciucu, edilul Bucure\u0219tiului.<\/p>\n<p>Primarul a subliniat c\u0103 scopul acestui proiect nu este doar de a cunoa\u0219te situa\u021bia patrimoniului, ci \u0219i de a g\u0103si solu\u021bii concrete pentru valorificarea economic\u0103 \u0219i protec\u021bia cl\u0103dirilor.<\/p>\n<p>\u201eDecidem cum le salv\u0103m, cum le valorific\u0103m, s\u0103 le reintroducem \u00een circuitul economic,\u201d a ad\u0103ugat Ciprian Ciucu.<\/p>\n<p>\u00cen cadrul acestui proiect, Ciprian Ciucu a reunit mai multe institu\u021bii care se ocup\u0103 cu administrarea imobilelor \u0219i terenurilor:<\/p>\n<ul>\n<li>Administra\u021bia Fondului Imobiliar, care este responsabil\u0103 de locuin\u021bele convenabile, locuin\u021bele de necesitate, succesiunile vacante, garaje, cur\u021bi \u0219i alte spa\u021bii;<\/li>\n<li>AMCCRS, ce se ocup\u0103 de imobile \u00een timpul expertizelor tehnice \u0219i al lucr\u0103rilor de consolidare;<\/li>\n<li>Direc\u021bia Patrimoniu, care are eviden\u021ba terenurilor \u0219i cl\u0103dirilor PMB, inclusiv cele date \u00een administrarea sectoarelor sau aflate \u00een co-proprietate;<\/li>\n<li>Direc\u021bia Spa\u021biu Locativ;<\/li>\n<li>ALPAB, care administreaz\u0103 locuin\u021bele din Satul Francez \u0219i de pe Str. Drumul Cooperativei;<\/li>\n<li>ASSMB, ce gestioneaz\u0103 cl\u0103diri istorice, dintre care unele nu sunt utilizate;<\/li>\n<li>Direc\u021bia de Urbanism;<\/li>\n<li>Poli\u021bia Local\u0103 a Municipiului Bucure\u0219ti.<\/li>\n<\/ul>\n<p>\u00cen cadrul acestui proiect, cl\u0103dirile \u0219i terenurile vor fi identificate, cartografiate, analizate \u0219i evaluate din punct de vedere func\u021bional, economic \u0219i tehnic. Municipalitatea estimeaz\u0103 c\u0103 p\u00e2n\u0103 la mijlocul lunii iulie va avea un tablou complet al patrimoniului.<\/p>\n<p>Prim\u0103ria subliniaz\u0103 c\u0103 acest proiect va aduce ordine \u00een Capitala Rom\u00e2niei, va revitaliza cl\u0103dirile de patrimoniu \u0219i va contribui la cre\u0219terea veniturilor la buget.<\/p>\n<p>\u201eInventariem patrimoniul Bucure\u0219tiului! Sunt mii de locuin\u021be, cur\u021bi, garaje, terenuri \u0219i spa\u021bii cu alt\u0103 destina\u021bie. Vrem s\u0103 \u0219tim \u00een ce stare sunt, ce statut juridic au, cum le putem salva \u0219i valorifica. Facem ordine \u00een Capitala Rom\u00e2niei, revigor\u0103m cl\u0103dirile de patrimoniu \u0219i aducem bani la buget,\u201d a declarat Prim\u0103ria Capitalei.<\/p>\n","protected":false},"excerpt":{"rendered":"<p>Prim\u0103ria Municipiului Bucure\u0219ti a f\u0103cut un anun\u021b important vineri, lans\u00e2nd un proiect semnificativ de inventariere a patrimoniului ora\u0219ului. Acest demers are ca scop crearea unei baze de date unice care va include toate cl\u0103dirile, terenurile \u0219i garajele ce sunt \u00een proprietatea sau administrarea PMB. Este prima ini\u021biativ\u0103 de acest tip \u00een ultimele 35 de ani, [&hellip;]<\/p>\n","protected":false},"author":2,"featured_media":10595,"comment_status":"open","ping_status":"open","sticky":false,"template":"","format":"standard","meta":{"jnews-multi-image_gallery":[],"jnews_single_post":[],"jnews_primary_category":[],"jnews_override_counter":[],"footnotes":""},"categories":[42],"tags":[1360,362,4172,1178,13523,1740,182,13524],"class_list":["post-10594","post","type-post","status-publish","format-standard","has-post-thumbnail","hentry","category-politica","tag-administratie","tag-bucuresti","tag-cladiri","tag-dezvoltare","tag-inventariere","tag-patrimoniu","tag-proiect","tag-terenuri"],"_links":{"self":[{"href":"https:\/\/www.newsrecorder.ro\/app\/wp-json\/wp\/v2\/posts\/10594","targetHints":{"allow":["GET"]}}],"collection":[{"href":"https:\/\/www.newsrecorder.ro\/app\/wp-json\/wp\/v2\/posts"}],"about":[{"href":"https:\/\/www.newsrecorder.ro\/app\/wp-json\/wp\/v2\/types\/post"}],"author":[{"embeddable":true,"href":"https:\/\/www.newsrecorder.ro\/app\/wp-json\/wp\/v2\/users\/2"}],"replies":[{"embeddable":true,"href":"https:\/\/www.newsrecorder.ro\/app\/wp-json\/wp\/v2\/comments?post=10594"}],"version-history":[{"count":0,"href":"https:\/\/www.newsrecorder.ro\/app\/wp-json\/wp\/v2\/posts\/10594\/revisions"}],"wp:featuredmedia":[{"embeddable":true,"href":"https:\/\/www.newsrecorder.ro\/app\/wp-json\/wp\/v2\/media\/10595"}],"wp:attachment":[{"href":"https:\/\/www.newsrecorder.ro\/app\/wp-json\/wp\/v2\/media?parent=10594"}],"wp:term":[{"taxonomy":"category","embeddable":true,"href":"https:\/\/www.newsrecorder.ro\/app\/wp-json\/wp\/v2\/categories?post=10594"},{"taxonomy":"post_tag","embeddable":true,"href":"https:\/\/www.newsrecorder.ro\/app\/wp-json\/wp\/v2\/tags?post=10594"}],"curies":[{"name":"wp","href":"https:\/\/api.w.org\/{rel}","templated":true}]}}