{"id":10600,"date":"2026-03-27T18:29:58","date_gmt":"2026-03-27T18:29:58","guid":{"rendered":"https:\/\/www.newsrecorder.ro\/app\/2026\/03\/27\/nicusor-dan-a-semnat-legea-bugetului-de-stat-pentru-2026\/"},"modified":"2026-03-27T18:29:58","modified_gmt":"2026-03-27T18:29:58","slug":"nicusor-dan-a-semnat-legea-bugetului-de-stat-pentru-2026","status":"publish","type":"post","link":"https:\/\/www.newsrecorder.ro\/app\/2026\/03\/27\/nicusor-dan-a-semnat-legea-bugetului-de-stat-pentru-2026\/","title":{"rendered":"Nicu\u015for Dan a semnat legea bugetului de stat pentru 2026!"},"content":{"rendered":"<p>Pre\u015fedintele Rom\u00e2niei, Nicu\u015for Dan, a semnat vineri legea bugetului de stat pentru anul 2026. Documentul va fi trimis la Monitorul Oficial, unde va fi publicat, intr\u00e2nd \u00een vigoare imediat dup\u0103 aceast\u0103 etap\u0103.<\/p>\n<p>Administra\u0163ia Preziden\u0163ial\u0103 a anun\u0163at c\u0103, pe l\u00e2ng\u0103 legea bugetului de stat, pre\u015fedintele a semnat \u0219i decretul pentru promulgarea Legii bugetului asigur\u0103rilor sociale de stat pentru acela\u015fi an, precum \u015fi decretul care stabile\u015fte plafoanele unor indicatori din cadrul fiscal-bugetar pentru 2026.<\/p>\n<p>\u00centr-o declara\u0163ie f\u0103cut\u0103 joi sear\u0103, pre\u015fedintele Nicu\u015for Dan a subliniat c\u0103 va promulga legea bugetului de stat \u201e\u00een secunda\u201d \u00een care va primi motivarea din partea Cur\u0163ii Constitu\u0163ionale a Rom\u00e2niei, referitoare la respingerea contesta\u0163iilor formulate de AUR \u00een leg\u0103tur\u0103 cu aceste legi.<\/p>\n<p>Vineri, Curtea Constitu\u0163ional\u0103 a publicat motivarea deciziilor prin care a respins sesiz\u0103rile AUR legate de bugetul de stat pentru 2026, precum \u015fi de bugetul asigur\u0103rilor sociale de stat. Astfel, legea a fost \u00eenaintat\u0103 pre\u015fedintelui Nicu\u015for Dan pentru a fi promulgat\u0103.<\/p>\n","protected":false},"excerpt":{"rendered":"<p>Pre\u015fedintele Rom\u00e2niei, Nicu\u015for Dan, a semnat vineri legea bugetului de stat pentru anul 2026. Documentul va fi trimis la Monitorul Oficial, unde va fi publicat, intr\u00e2nd \u00een vigoare imediat dup\u0103 aceast\u0103 etap\u0103. Administra\u0163ia Preziden\u0163ial\u0103 a anun\u0163at c\u0103, pe l\u00e2ng\u0103 legea bugetului de stat, pre\u015fedintele a semnat \u0219i decretul pentru promulgarea Legii bugetului asigur\u0103rilor sociale de [&hellip;]<\/p>\n","protected":false},"author":2,"featured_media":10601,"comment_status":"open","ping_status":"open","sticky":false,"template":"","format":"standard","meta":{"jnews-multi-image_gallery":[],"jnews_single_post":[],"jnews_primary_category":[],"jnews_override_counter":[],"footnotes":""},"categories":[42],"tags":[1252,1830,1916,3761,13531,2246,2423,286],"class_list":["post-10600","post","type-post","status-publish","format-standard","has-post-thumbnail","hentry","category-politica","tag-1252","tag-administratia-prezidentiala","tag-aur","tag-buget-de-stat","tag-bugetul-asigurarilor-sociale","tag-curtea-constitutionala","tag-legi","tag-nicusor-dan"],"_links":{"self":[{"href":"https:\/\/www.newsrecorder.ro\/app\/wp-json\/wp\/v2\/posts\/10600","targetHints":{"allow":["GET"]}}],"collection":[{"href":"https:\/\/www.newsrecorder.ro\/app\/wp-json\/wp\/v2\/posts"}],"about":[{"href":"https:\/\/www.newsrecorder.ro\/app\/wp-json\/wp\/v2\/types\/post"}],"author":[{"embeddable":true,"href":"https:\/\/www.newsrecorder.ro\/app\/wp-json\/wp\/v2\/users\/2"}],"replies":[{"embeddable":true,"href":"https:\/\/www.newsrecorder.ro\/app\/wp-json\/wp\/v2\/comments?post=10600"}],"version-history":[{"count":0,"href":"https:\/\/www.newsrecorder.ro\/app\/wp-json\/wp\/v2\/posts\/10600\/revisions"}],"wp:featuredmedia":[{"embeddable":true,"href":"https:\/\/www.newsrecorder.ro\/app\/wp-json\/wp\/v2\/media\/10601"}],"wp:attachment":[{"href":"https:\/\/www.newsrecorder.ro\/app\/wp-json\/wp\/v2\/media?parent=10600"}],"wp:term":[{"taxonomy":"category","embeddable":true,"href":"https:\/\/www.newsrecorder.ro\/app\/wp-json\/wp\/v2\/categories?post=10600"},{"taxonomy":"post_tag","embeddable":true,"href":"https:\/\/www.newsrecorder.ro\/app\/wp-json\/wp\/v2\/tags?post=10600"}],"curies":[{"name":"wp","href":"https:\/\/api.w.org\/{rel}","templated":true}]}}