{"id":10604,"date":"2026-03-27T18:30:33","date_gmt":"2026-03-27T18:30:33","guid":{"rendered":"https:\/\/www.newsrecorder.ro\/app\/2026\/03\/27\/hackerii-iranieni-au-spart-e-mailul-sefului-fbi-fotografii-personale-expuse\/"},"modified":"2026-03-27T18:30:33","modified_gmt":"2026-03-27T18:30:33","slug":"hackerii-iranieni-au-spart-e-mailul-sefului-fbi-fotografii-personale-expuse","status":"publish","type":"post","link":"https:\/\/www.newsrecorder.ro\/app\/2026\/03\/27\/hackerii-iranieni-au-spart-e-mailul-sefului-fbi-fotografii-personale-expuse\/","title":{"rendered":"Hackerii iranieni au spart e-mailul \u0219efului FBI: fotografii personale expuse!"},"content":{"rendered":"<p>\u00centr-o dezvoltare alarmant\u0103, e-mailul personal al directorului FBI, Kash Patel, a fost compromis de hackeri, conform unui raport publicat de <a href=\"https:\/\/www.the-express.com\/news\/politics\/203342\/kash-patel-fbi-email-hacked-iran\" target=\"_blank\" rel=\"noopener\">Daily Express<\/a>. Departamentul de Justi\u021bie al Statelor Unite a confirmat incidentul, iar informa\u021bia a fost preluat\u0103 \u0219i de Nexta.<\/p>\n<p>Grupul de hackeri cunoscut sub numele de Handala a revendicat atacul, public\u00e2nd imagini personale ale directorului FBI \u0219i sus\u021bin\u00e2nd c\u0103 a reu\u0219it s\u0103 acceseze c\u0103su\u021ba sa po\u0219tal\u0103 electronic\u0103. \u00cen plus, ace\u0219tia au divulgat o serie de documente din coresponden\u021ba privat\u0103 \u0219i profesional\u0103 a lui Patel, amplific\u00e2nd preocup\u0103rile legate de securitatea informa\u021biilor sensibile.<\/p>\n<p>Este important de men\u021bionat c\u0103 Handala are leg\u0103turi cu agen\u021biile de informa\u021bii iraniene, ceea ce sugereaz\u0103 c\u0103 acest atac cibernetic ar putea avea implica\u021bii geopolitice semnificative. Aceast\u0103 situa\u021bie subliniaz\u0103 vulnerabilit\u0103\u021bile \u00een fa\u021ba amenin\u021b\u0103rilor cibernetice \u0219i necesitatea unei securit\u0103\u021bi sporite \u00een gestionarea comunica\u021biilor oficiale.<\/p>\n","protected":false},"excerpt":{"rendered":"<p>\u00centr-o dezvoltare alarmant\u0103, e-mailul personal al directorului FBI, Kash Patel, a fost compromis de hackeri, conform unui raport publicat de Daily Express. Departamentul de Justi\u021bie al Statelor Unite a confirmat incidentul, iar informa\u021bia a fost preluat\u0103 \u0219i de Nexta. Grupul de hackeri cunoscut sub numele de Handala a revendicat atacul, public\u00e2nd imagini personale ale directorului [&hellip;]<\/p>\n","protected":false},"author":2,"featured_media":10605,"comment_status":"open","ping_status":"open","sticky":false,"template":"","format":"standard","meta":{"jnews-multi-image_gallery":[],"jnews_single_post":[],"jnews_primary_category":[],"jnews_override_counter":[],"footnotes":""},"categories":[42],"tags":[10359,556,877,13535,13537,1319,8098,13536],"class_list":["post-10604","post","type-post","status-publish","format-standard","has-post-thumbnail","hentry","category-politica","tag-atac-cibernetic","tag-fbi","tag-geopolitica","tag-hackeri","tag-handala","tag-justitie","tag-kash-patel","tag-securitate-informatii"],"_links":{"self":[{"href":"https:\/\/www.newsrecorder.ro\/app\/wp-json\/wp\/v2\/posts\/10604","targetHints":{"allow":["GET"]}}],"collection":[{"href":"https:\/\/www.newsrecorder.ro\/app\/wp-json\/wp\/v2\/posts"}],"about":[{"href":"https:\/\/www.newsrecorder.ro\/app\/wp-json\/wp\/v2\/types\/post"}],"author":[{"embeddable":true,"href":"https:\/\/www.newsrecorder.ro\/app\/wp-json\/wp\/v2\/users\/2"}],"replies":[{"embeddable":true,"href":"https:\/\/www.newsrecorder.ro\/app\/wp-json\/wp\/v2\/comments?post=10604"}],"version-history":[{"count":0,"href":"https:\/\/www.newsrecorder.ro\/app\/wp-json\/wp\/v2\/posts\/10604\/revisions"}],"wp:featuredmedia":[{"embeddable":true,"href":"https:\/\/www.newsrecorder.ro\/app\/wp-json\/wp\/v2\/media\/10605"}],"wp:attachment":[{"href":"https:\/\/www.newsrecorder.ro\/app\/wp-json\/wp\/v2\/media?parent=10604"}],"wp:term":[{"taxonomy":"category","embeddable":true,"href":"https:\/\/www.newsrecorder.ro\/app\/wp-json\/wp\/v2\/categories?post=10604"},{"taxonomy":"post_tag","embeddable":true,"href":"https:\/\/www.newsrecorder.ro\/app\/wp-json\/wp\/v2\/tags?post=10604"}],"curies":[{"name":"wp","href":"https:\/\/api.w.org\/{rel}","templated":true}]}}