{"id":10624,"date":"2026-03-27T22:24:28","date_gmt":"2026-03-27T22:24:28","guid":{"rendered":"https:\/\/www.newsrecorder.ro\/app\/2026\/03\/27\/houthi-ameninta-ne-pregatim-pentru-o-interventie-militara\/"},"modified":"2026-03-27T22:24:28","modified_gmt":"2026-03-27T22:24:28","slug":"houthi-ameninta-ne-pregatim-pentru-o-interventie-militara","status":"publish","type":"post","link":"https:\/\/www.newsrecorder.ro\/app\/2026\/03\/27\/houthi-ameninta-ne-pregatim-pentru-o-interventie-militara\/","title":{"rendered":"Houthi amenin\u021b\u0103: \u201eNe preg\u0103tim pentru o interven\u021bie militar\u0103!\u201d"},"content":{"rendered":"<p>Saree a lansat un apel c\u0103tre Statele Unite \u0219i Israel, solicit\u00e2ndu-le s\u0103 r\u0103spund\u0103 eforturilor diplomatice interna\u021bionale menite s\u0103 opreasc\u0103 conflictul cu Iranul \u0219i cu na\u021biunile din \u201eAxa Rezisten\u021bei\u201d, printre care se num\u0103r\u0103 \u0219i Libanul.<\/p>\n<p>\u201eAceast\u0103 agresiune este nedreapt\u0103, opresiv\u0103 \u0219i nejustificat\u0103, av\u00e2nd un impact negativ asupra stabilit\u0103\u021bii \u0219i securit\u0103\u021bii at\u00e2t la nivel global, c\u00e2t \u0219i regional, \u0219i afect\u00e2nd economia mondial\u0103\u201d, a declarat el.<\/p>\n<p>Printre cerin\u021bele sale, Saree a subliniat necesitatea de a pune cap\u0103t agresiunii \u00een Palestina, Liban, Irak \u0219i Iran, solicit\u00e2nd totodat\u0103 ridicarea \u201eblocadei nedrepte asupra Yemenului\u201d.<\/p>\n<p>\u00cen al treilea punct, el a subliniat importan\u021ba implement\u0103rii unei \u00eencet\u0103ri a focului \u00een Gaza, subliniind necesitatea respect\u0103rii obliga\u021biilor legate de livr\u0103rile de ajutoare umanitare \u0219i de recunoa\u0219terea drepturilor legitime ale palestinienilor.<\/p>\n<p>Saree a specificat c\u0103 gruparea Houthi ar putea interveni militar \u00een anumite condi\u021bii, \u0219i anume:<\/p>\n<ul>\n<li>Dac\u0103 alte na\u021biuni s-ar al\u0103tura Statelor Unite \u0219i Israelului \u00een conflictul \u00eempotriva Iranului;<\/li>\n<li>Dac\u0103 Marea Ro\u0219ie ar fi utilizat\u0103 ca baz\u0103 pentru atacuri \u00eempotriva Iranului sau a altor \u021b\u0103ri musulmane;<\/li>\n<li>Dac\u0103 escaladarea conflictului \u00eempotriva Iranului \u0219i a \u201eAxei Rezisten\u021bei\u201d ar continua.<\/li>\n<\/ul>\n<p>\u00cen concluzie, el a avertizat \u00eempotriva \u201eoric\u0103ror m\u0103suri nedrepte menite s\u0103 \u00een\u0103spreasc\u0103 asediul asupra poporului yemenit\u201d, subliniind astfel importan\u021ba protej\u0103rii drepturilor acestuia. <\/p>\n","protected":false},"excerpt":{"rendered":"<p>Saree a lansat un apel c\u0103tre Statele Unite \u0219i Israel, solicit\u00e2ndu-le s\u0103 r\u0103spund\u0103 eforturilor diplomatice interna\u021bionale menite s\u0103 opreasc\u0103 conflictul cu Iranul \u0219i cu na\u021biunile din \u201eAxa Rezisten\u021bei\u201d, printre care se num\u0103r\u0103 \u0219i Libanul. \u201eAceast\u0103 agresiune este nedreapt\u0103, opresiv\u0103 \u0219i nejustificat\u0103, av\u00e2nd un impact negativ asupra stabilit\u0103\u021bii \u0219i securit\u0103\u021bii at\u00e2t la nivel global, c\u00e2t \u0219i [&hellip;]<\/p>\n","protected":false},"author":2,"featured_media":10625,"comment_status":"open","ping_status":"open","sticky":false,"template":"","format":"standard","meta":{"jnews-multi-image_gallery":[],"jnews_single_post":[],"jnews_primary_category":[],"jnews_override_counter":[],"footnotes":""},"categories":[41],"tags":[4932,8762,684,913,268,2845,13554,680],"class_list":["post-10624","post","type-post","status-publish","format-standard","has-post-thumbnail","hentry","category-externe","tag-ajutoare-umanitare","tag-axa-rezistentei","tag-conflict","tag-iran","tag-israel","tag-palestina","tag-saree","tag-statele-unite"],"_links":{"self":[{"href":"https:\/\/www.newsrecorder.ro\/app\/wp-json\/wp\/v2\/posts\/10624","targetHints":{"allow":["GET"]}}],"collection":[{"href":"https:\/\/www.newsrecorder.ro\/app\/wp-json\/wp\/v2\/posts"}],"about":[{"href":"https:\/\/www.newsrecorder.ro\/app\/wp-json\/wp\/v2\/types\/post"}],"author":[{"embeddable":true,"href":"https:\/\/www.newsrecorder.ro\/app\/wp-json\/wp\/v2\/users\/2"}],"replies":[{"embeddable":true,"href":"https:\/\/www.newsrecorder.ro\/app\/wp-json\/wp\/v2\/comments?post=10624"}],"version-history":[{"count":0,"href":"https:\/\/www.newsrecorder.ro\/app\/wp-json\/wp\/v2\/posts\/10624\/revisions"}],"wp:featuredmedia":[{"embeddable":true,"href":"https:\/\/www.newsrecorder.ro\/app\/wp-json\/wp\/v2\/media\/10625"}],"wp:attachment":[{"href":"https:\/\/www.newsrecorder.ro\/app\/wp-json\/wp\/v2\/media?parent=10624"}],"wp:term":[{"taxonomy":"category","embeddable":true,"href":"https:\/\/www.newsrecorder.ro\/app\/wp-json\/wp\/v2\/categories?post=10624"},{"taxonomy":"post_tag","embeddable":true,"href":"https:\/\/www.newsrecorder.ro\/app\/wp-json\/wp\/v2\/tags?post=10624"}],"curies":[{"name":"wp","href":"https:\/\/api.w.org\/{rel}","templated":true}]}}