{"id":10636,"date":"2026-03-27T22:26:23","date_gmt":"2026-03-27T22:26:23","guid":{"rendered":"https:\/\/www.newsrecorder.ro\/app\/2026\/03\/27\/friedrich-merz-contesta-strategia-sua-si-israel-in-conflictul-din-iran\/"},"modified":"2026-03-27T22:26:23","modified_gmt":"2026-03-27T22:26:23","slug":"friedrich-merz-contesta-strategia-sua-si-israel-in-conflictul-din-iran","status":"publish","type":"post","link":"https:\/\/www.newsrecorder.ro\/app\/2026\/03\/27\/friedrich-merz-contesta-strategia-sua-si-israel-in-conflictul-din-iran\/","title":{"rendered":"Friedrich Merz contest\u0103 strategia SUA \u0219i Israel \u00een conflictul din Iran"},"content":{"rendered":"<p>Cancelarul german, Friedrich Merz, a transmis vineri un avertisment cu privire la evolu\u021bia conflictului din Iran, exprim\u00e2ndu-\u0219i \u00eengrijor\u0103rile cu privire la eficien\u021ba ac\u021biunilor \u00eentreprinse de Statele Unite \u0219i Israel. Potrivit <a href=\"https:\/\/www.reuters.com\/world\/europe\/german-chancellor-merz-says-he-has-doubts-over-iran-war-aims-2026-03-27\/\">Reuters<\/a>, liderul german nu este sigur c\u0103 aceste ac\u021biuni vor genera un rezultat clar \u0219i stabil.<\/p>\n<p>\u201ePur \u0219i simplu nu sunt convins c\u0103 ceea ce se \u00eent\u00e2mpl\u0103 \u00een acest moment \u2013 ceea ce fac Israelul \u0219i America \u2013 va duce efectiv la succes\u201d, a afirmat Merz \u00een cadrul unei conferin\u021be organizate de ziarul FAZ.<\/p>\n<p>Conflictul a escaladat semnificativ dup\u0103 atacurile efectuate de SUA \u0219i Israel la sf\u00e2r\u0219itul lunii februarie. Iranul a reac\u021bionat prin lansarea de lovituri \u00eempotriva Israelului, a unor baze americane \u0219i a unor state din Golf, ceea ce a avut un impact negativ asupra exporturilor de energie din regiune, \u00een special din cauza blocajelor din Str\u00e2mtoarea Ormuz.<\/p>\n<p>\u00cen acest climat tensionat, statele europene au evitat o implicare direct\u0103, ceea ce a generat nemul\u021bumiri \u00een r\u00e2ndul oficialilor de la Washington. Germania, pe de alt\u0103 parte, a ales s\u0103 se concentreze pe demersuri diplomatice, at\u00e2t \u00een rela\u021biile cu statele din Golf, c\u00e2t \u0219i \u00een cadrul G7.<\/p>\n<p>Cancelarul a recunoscut c\u0103 influen\u021ba Berlinului asupra Israelului r\u0103m\u00e2ne limitat\u0103, subliniind: \u201e\u00cencerc\u0103m s\u0103 influen\u021b\u0103m Israelul, cu un succes limitat, recunosc.\u201d<\/p>\n<p>Friedrich Merz a discutat \u0219i cu pre\u0219edintele american Donald Trump despre natura conflictului, eviden\u021biind c\u0103 acesta nu se poate considera un r\u0103zboi al NATO. \u201eCred c\u0103 a \u00een\u021beles acest lucru\u201d, a ad\u0103ugat el.<\/p>\n<p>Pe termen lung, Germania ia \u00een considerare o posibil\u0103 implicare \u00een stabilizarea regiunii, av\u00e2nd \u00een vedere op\u021biuni precum securizarea Str\u00e2mtorii Ormuz, inclusiv prin opera\u021biuni de deminare. Totu\u0219i, o astfel de decizie ar depinde de existen\u021ba unui mandat interna\u021bional \u0219i de aprobarea Parlamentului german.<\/p>\n<p>P\u00e2n\u0103 \u00een prezent, Berlinul exclude orice form\u0103 de participare direct\u0103 \u00een conflict, at\u00e2t timp c\u00e2t opera\u021biunile militare continu\u0103.<\/p>\n","protected":false},"excerpt":{"rendered":"<p>Cancelarul german, Friedrich Merz, a transmis vineri un avertisment cu privire la evolu\u021bia conflictului din Iran, exprim\u00e2ndu-\u0219i \u00eengrijor\u0103rile cu privire la eficien\u021ba ac\u021biunilor \u00eentreprinse de Statele Unite \u0219i Israel. Potrivit Reuters, liderul german nu este sigur c\u0103 aceste ac\u021biuni vor genera un rezultat clar \u0219i stabil. \u201ePur \u0219i simplu nu sunt convins c\u0103 ceea ce [&hellip;]<\/p>\n","protected":false},"author":2,"featured_media":10637,"comment_status":"open","ping_status":"open","sticky":false,"template":"","format":"standard","meta":{"jnews-multi-image_gallery":[],"jnews_single_post":[],"jnews_primary_category":[],"jnews_override_counter":[],"footnotes":""},"categories":[41],"tags":[684,191,699,6965,913,268,680,8772],"class_list":["post-10636","post","type-post","status-publish","format-standard","has-post-thumbnail","hentry","category-externe","tag-conflict","tag-energie","tag-europa","tag-fridrich-merz","tag-iran","tag-israel","tag-statele-unite","tag-stramtoarea-ormuz"],"_links":{"self":[{"href":"https:\/\/www.newsrecorder.ro\/app\/wp-json\/wp\/v2\/posts\/10636","targetHints":{"allow":["GET"]}}],"collection":[{"href":"https:\/\/www.newsrecorder.ro\/app\/wp-json\/wp\/v2\/posts"}],"about":[{"href":"https:\/\/www.newsrecorder.ro\/app\/wp-json\/wp\/v2\/types\/post"}],"author":[{"embeddable":true,"href":"https:\/\/www.newsrecorder.ro\/app\/wp-json\/wp\/v2\/users\/2"}],"replies":[{"embeddable":true,"href":"https:\/\/www.newsrecorder.ro\/app\/wp-json\/wp\/v2\/comments?post=10636"}],"version-history":[{"count":0,"href":"https:\/\/www.newsrecorder.ro\/app\/wp-json\/wp\/v2\/posts\/10636\/revisions"}],"wp:featuredmedia":[{"embeddable":true,"href":"https:\/\/www.newsrecorder.ro\/app\/wp-json\/wp\/v2\/media\/10637"}],"wp:attachment":[{"href":"https:\/\/www.newsrecorder.ro\/app\/wp-json\/wp\/v2\/media?parent=10636"}],"wp:term":[{"taxonomy":"category","embeddable":true,"href":"https:\/\/www.newsrecorder.ro\/app\/wp-json\/wp\/v2\/categories?post=10636"},{"taxonomy":"post_tag","embeddable":true,"href":"https:\/\/www.newsrecorder.ro\/app\/wp-json\/wp\/v2\/tags?post=10636"}],"curies":[{"name":"wp","href":"https:\/\/api.w.org\/{rel}","templated":true}]}}