{"id":10660,"date":"2026-03-27T23:11:29","date_gmt":"2026-03-27T23:11:29","guid":{"rendered":"https:\/\/www.newsrecorder.ro\/app\/2026\/03\/27\/atentie-vant-puternic-si-ploi-moderate-la-munte-pana-duminica\/"},"modified":"2026-03-27T23:11:29","modified_gmt":"2026-03-27T23:11:29","slug":"atentie-vant-puternic-si-ploi-moderate-la-munte-pana-duminica","status":"publish","type":"post","link":"https:\/\/www.newsrecorder.ro\/app\/2026\/03\/27\/atentie-vant-puternic-si-ploi-moderate-la-munte-pana-duminica\/","title":{"rendered":"Aten\u021bie! V\u00e2nt puternic \u0219i ploi moderate la munte p\u00e2n\u0103 duminic\u0103!"},"content":{"rendered":"<p>Agen\u021bia Na\u021bional\u0103 de Meteorologie (ANM) a emis o avertizare privind intensific\u0103rile v\u00e2ntului, precipita\u021bii moderate \u0219i ninsori la munte, care se anun\u021b\u0103 \u00een urm\u0103toarele zile.<\/p>\n<p>\u00cencep\u00e2nd cu joi, 26 martie, se preconizeaz\u0103 intensific\u0103ri ale v\u00e2ntului \u00een regiunile Banat, Cri\u0219ana, Moldova \u0219i sudul Transilvaniei. Fenomenele meteorologice se vor acutiza pe parcursul nop\u021bii, \u00een special \u00een zonele Oltenia \u0219i Muntenia.<\/p>\n<p>\u00cen zilele de vineri (27 martie) \u0219i s\u00e2mb\u0103t\u0103 (28 martie), v\u00e2ntul va sufla cu viteze cuprinse \u00eentre 45 \u0219i 55 km\/h \u00een majoritatea regiunilor \u021b\u0103rii. La altitudini mari, \u00een zona montan\u0103, rafalele ar putea dep\u0103\u0219i 70-80 km\/h.<\/p>\n<p>De vineri, ploile se vor extinde dinspre sud-vest, acoperind treptat toate regiunile. \u00cen zona montan\u0103, \u00een special la altitudini de peste 1.700 m, se a\u0219teapt\u0103 ninsori, iar stratul de z\u0103pad\u0103 se va acumula, devenind local consistent. Acest fenomen va debuta \u00een Carpa\u021bii Meridionali \u0219i se va extinde ulterior \u00een celelalte zone montane.<\/p>\n<p>P\u00e2n\u0103 la finalul acestei perioade, se estimeaz\u0103 c\u0103 se vor acumula cantit\u0103\u021bi moderate de precipita\u021bii, \u00eentre 20 \u0219i 25 l\/mp. \u00cen anumite zone, \u00een special \u00een sudul \u0219i sud-vestul \u021b\u0103rii, dar \u0219i \u00een regiunile montane \u0219i submontane, valorile ar putea dep\u0103\u0219i 35 l\/mp.<\/p>\n","protected":false},"excerpt":{"rendered":"<p>Agen\u021bia Na\u021bional\u0103 de Meteorologie (ANM) a emis o avertizare privind intensific\u0103rile v\u00e2ntului, precipita\u021bii moderate \u0219i ninsori la munte, care se anun\u021b\u0103 \u00een urm\u0103toarele zile. \u00cencep\u00e2nd cu joi, 26 martie, se preconizeaz\u0103 intensific\u0103ri ale v\u00e2ntului \u00een regiunile Banat, Cri\u0219ana, Moldova \u0219i sudul Transilvaniei. Fenomenele meteorologice se vor acutiza pe parcursul nop\u021bii, \u00een special \u00een zonele Oltenia [&hellip;]<\/p>\n","protected":false},"author":5,"featured_media":10661,"comment_status":"open","ping_status":"open","sticky":false,"template":"","format":"standard","meta":{"jnews-multi-image_gallery":[],"jnews_single_post":[],"jnews_primary_category":[],"jnews_override_counter":[],"footnotes":""},"categories":[45],"tags":[1563,1558,200,11170,871,127,135,13571],"class_list":["post-10660","post","type-post","status-publish","format-standard","has-post-thumbnail","hentry","category-meteo","tag-avertizare-meteorologica","tag-carpati-meridionali","tag-crisana","tag-intensificari-vant","tag-moldova","tag-ninsori","tag-precipitatii","tag-regiunile-banat"],"_links":{"self":[{"href":"https:\/\/www.newsrecorder.ro\/app\/wp-json\/wp\/v2\/posts\/10660","targetHints":{"allow":["GET"]}}],"collection":[{"href":"https:\/\/www.newsrecorder.ro\/app\/wp-json\/wp\/v2\/posts"}],"about":[{"href":"https:\/\/www.newsrecorder.ro\/app\/wp-json\/wp\/v2\/types\/post"}],"author":[{"embeddable":true,"href":"https:\/\/www.newsrecorder.ro\/app\/wp-json\/wp\/v2\/users\/5"}],"replies":[{"embeddable":true,"href":"https:\/\/www.newsrecorder.ro\/app\/wp-json\/wp\/v2\/comments?post=10660"}],"version-history":[{"count":0,"href":"https:\/\/www.newsrecorder.ro\/app\/wp-json\/wp\/v2\/posts\/10660\/revisions"}],"wp:featuredmedia":[{"embeddable":true,"href":"https:\/\/www.newsrecorder.ro\/app\/wp-json\/wp\/v2\/media\/10661"}],"wp:attachment":[{"href":"https:\/\/www.newsrecorder.ro\/app\/wp-json\/wp\/v2\/media?parent=10660"}],"wp:term":[{"taxonomy":"category","embeddable":true,"href":"https:\/\/www.newsrecorder.ro\/app\/wp-json\/wp\/v2\/categories?post=10660"},{"taxonomy":"post_tag","embeddable":true,"href":"https:\/\/www.newsrecorder.ro\/app\/wp-json\/wp\/v2\/tags?post=10660"}],"curies":[{"name":"wp","href":"https:\/\/api.w.org\/{rel}","templated":true}]}}